{"id":2238,"date":"2011-12-24T14:19:39","date_gmt":"2011-12-24T13:19:39","guid":{"rendered":"http:\/\/kalisce.com\/blog\/?p=2238"},"modified":"2011-12-27T17:55:07","modified_gmt":"2011-12-27T16:55:07","slug":"bozic-2011","status":"publish","type":"post","link":"https:\/\/kalisce.com\/blog\/2011\/12\/24\/bozic-2011\/","title":{"rendered":"Bo\u017ei\u010d 2011"},"content":{"rendered":"<div id=\"attachment_2239\" style=\"width: 360px\" class=\"wp-caption alignleft\"><a href=\"http:\/\/www.facebook.com\/media\/set\/?set=a.10150552329337642.447175.240050787641&amp;type=1\"><img loading=\"lazy\" decoding=\"async\" aria-describedby=\"caption-attachment-2239\" class=\"size-full wp-image-2239 \" title=\"Ne eden! Trije!\" src=\"https:\/\/kalisce.com\/blog\/wp-content\/uploads\/2011\/12\/IMG_2299.jpg\" alt=\"Ne eden! Trije!\" width=\"350\" height=\"263\" srcset=\"https:\/\/kalisce.com\/blog\/wp-content\/uploads\/2011\/12\/IMG_2299.jpg 350w, https:\/\/kalisce.com\/blog\/wp-content\/uploads\/2011\/12\/IMG_2299-150x112.jpg 150w, https:\/\/kalisce.com\/blog\/wp-content\/uploads\/2011\/12\/IMG_2299-300x225.jpg 300w\" sizes=\"(max-width: 350px) 100vw, 350px\" \/><\/a><p id=\"caption-attachment-2239\" class=\"wp-caption-text\">Trije Bo\u017ei\u010dki na Kali\u0161\u010du<\/p><\/div>\n<p>V sobotnem dopoldnevu pred Bo\u017ei\u010dem so kar trije <strong>Bo\u017ei\u010dki <\/strong>obiskali Kali\u0161\u010de.<\/p>\n<p>Menda zaradi vi\u0161ine in zahtevnosti terena \u2753<\/p>\n<p>Drugi del galerije je prispeval\u00a0<strong>Janez, <\/strong>na koncu pa je \u0161e\u00a0<strong>\u0160tefanovo <\/strong>(v hribih ter v zraku) \ud83d\ude00<\/p>\n<p><strong><a href=\"http:\/\/www.facebook.com\/media\/set\/?set=a.10150552329337642.447175.240050787641&amp;type=1\">Galerija<\/a><\/strong><\/p>\n<p><strong><span style=\"color: #ff0000;\">Vsem obiskovalcem na\u0161e \u00a0internetne strani \u017eelimo vesele Bo\u017ei\u010dne praznike in SRE\u010cNO 2012<\/span><\/strong> \u2757<\/p>\n<p><strong>Marjan, Irena in Miha<\/strong><\/p>\n<p><strong><strong><strong><a href=\"https:\/\/kalisce.com\/blog\/zimska-liga\/\">Zimska liga<\/a><\/strong> \u2013 Jo\u0161t \u2013\u00a0<strong><a href=\"https:\/\/kalisce.com\/blog\/wp-content\/uploads\/2011\/12\/zl7.pdf\">rezultati<\/a> \u2013\u00a0<a href=\"https:\/\/picasaweb.google.com\/ajva64\/ZTL_Jost_25122011\">foto <\/a><\/strong><\/strong><\/strong><\/p>\n","protected":false},"excerpt":{"rendered":"<p>V sobotnem dopoldnevu pred Bo\u017ei\u010dem so kar trije Bo\u017ei\u010dki obiskali Kali\u0161\u010de. Menda zaradi vi\u0161ine in zahtevnosti terena \u2753 Drugi del galerije je prispeval\u00a0Janez, na koncu pa je \u0161e\u00a0\u0160tefanovo (v hribih ter v zraku) \ud83d\ude00 Galerija Vsem obiskovalcem na\u0161e \u00a0internetne strani \u017eelimo vesele Bo\u017ei\u010dne praznike in SRE\u010cNO 2012 \u2757 Marjan, Irena in Miha Zimska liga \u2013 [&hellip;]<\/p>\n","protected":false},"author":2,"featured_media":0,"comment_status":"open","ping_status":"open","sticky":false,"template":"","format":"standard","meta":{"footnotes":""},"categories":[9,5,7],"tags":[],"_links":{"self":[{"href":"https:\/\/kalisce.com\/blog\/wp-json\/wp\/v2\/posts\/2238"}],"collection":[{"href":"https:\/\/kalisce.com\/blog\/wp-json\/wp\/v2\/posts"}],"about":[{"href":"https:\/\/kalisce.com\/blog\/wp-json\/wp\/v2\/types\/post"}],"author":[{"embeddable":true,"href":"https:\/\/kalisce.com\/blog\/wp-json\/wp\/v2\/users\/2"}],"replies":[{"embeddable":true,"href":"https:\/\/kalisce.com\/blog\/wp-json\/wp\/v2\/comments?post=2238"}],"version-history":[{"count":14,"href":"https:\/\/kalisce.com\/blog\/wp-json\/wp\/v2\/posts\/2238\/revisions"}],"predecessor-version":[{"id":2257,"href":"https:\/\/kalisce.com\/blog\/wp-json\/wp\/v2\/posts\/2238\/revisions\/2257"}],"wp:attachment":[{"href":"https:\/\/kalisce.com\/blog\/wp-json\/wp\/v2\/media?parent=2238"}],"wp:term":[{"taxonomy":"category","embeddable":true,"href":"https:\/\/kalisce.com\/blog\/wp-json\/wp\/v2\/categories?post=2238"},{"taxonomy":"post_tag","embeddable":true,"href":"https:\/\/kalisce.com\/blog\/wp-json\/wp\/v2\/tags?post=2238"}],"curies":[{"name":"wp","href":"https:\/\/api.w.org\/{rel}","templated":true}]}}