{"id":2261,"date":"2011-12-31T11:32:41","date_gmt":"2011-12-31T10:32:41","guid":{"rendered":"http:\/\/kalisce.com\/blog\/?p=2261"},"modified":"2012-01-03T14:47:52","modified_gmt":"2012-01-03T13:47:52","slug":"silvestrovo-2011","status":"publish","type":"post","link":"https:\/\/kalisce.com\/blog\/2011\/12\/31\/silvestrovo-2011\/","title":{"rendered":"Silvestrovo 2011"},"content":{"rendered":"<div id=\"attachment_2262\" style=\"width: 360px\" class=\"wp-caption alignleft\"><a href=\"http:\/\/www.facebook.com\/media\/set\/?set=a.10150566544637642.449793.240050787641&amp;type=1\"><img loading=\"lazy\" decoding=\"async\" aria-describedby=\"caption-attachment-2262\" class=\"size-full wp-image-2262 \" title=\"Silvestrsko jutro pri Kocarju\" src=\"https:\/\/kalisce.com\/blog\/wp-content\/uploads\/2011\/12\/IMG_2471.jpg\" alt=\"Silvestrsko jutro pri Kocarju\" width=\"350\" height=\"263\" srcset=\"https:\/\/kalisce.com\/blog\/wp-content\/uploads\/2011\/12\/IMG_2471.jpg 350w, https:\/\/kalisce.com\/blog\/wp-content\/uploads\/2011\/12\/IMG_2471-150x112.jpg 150w, https:\/\/kalisce.com\/blog\/wp-content\/uploads\/2011\/12\/IMG_2471-300x225.jpg 300w\" sizes=\"(max-width: 350px) 100vw, 350px\" \/><\/a><p id=\"caption-attachment-2262\" class=\"wp-caption-text\">Silvestrsko jutro pri Kocarju<\/p><\/div>\n<p>\u0160e zadnji leto\u0161nji vzpon na <strong>Kali\u0161\u010de <\/strong>\ud83d\ude00<\/p>\n<p>Leto 2011 nam je v hribih ponudilo mnogo lepega vremena in odli\u010dnih pogojev za osvajanje vrhov &#8211; nadpovpre\u010dno dobro \u2757<\/p>\n<p><strong><span style=\"color: #ff0000;\">Veliko sre\u010dnih vrnitev v dolino v letu 2012 vam \u017eelim!<\/span><\/strong><\/p>\n<p><strong><a href=\"http:\/\/www.facebook.com\/media\/set\/?set=a.10150566544637642.449793.240050787641&amp;type=1\">Galerija<\/a> &#8211; <\/strong>na Stor\u017ei\u010du je bil <strong>Primo\u017e<\/strong><\/p>\n<p><strong><a href=\"http:\/\/www.facebook.com\/media\/set\/?set=a.10150573375947642.451265.240050787641&amp;type=1\">Galerija <\/a>&#8211; foto Janez<\/strong><\/p>\n<p><strong><a href=\"https:\/\/kalisce.com\/blog\/preddvor-kalisce\/\">Tek na Kali\u0161\u010de<\/a><br \/>\n<a href=\"https:\/\/plus.google.com\/u\/0\/photos\/102208798609589971682\/albums\/5692054132279544817\">Foto<\/a><a href=\"https:\/\/plus.google.com\/u\/0\/photos\/102208798609589971682\/albums\/5692054132279544817\"><br \/>\n<\/a><\/strong><strong>Rezultati<br \/>\n<\/strong><strong>&#8211;\u00a0<a href=\"https:\/\/kalisce.com\/blog\/wp-content\/uploads\/2009\/11\/tek2011abs.pdf\">absolutno<br \/>\n<\/a><\/strong><strong>&#8211;\u00a0<a href=\"https:\/\/kalisce.com\/blog\/wp-content\/uploads\/2009\/11\/tek2011kat.pdf\">kategorije<\/a><\/strong><\/p>\n<p><strong><strong><strong><strong><a href=\"https:\/\/kalisce.com\/blog\/zimska-liga\/\">Zimska liga<\/a><\/strong> \u2013 Krvavec \u2013\u00a0<strong><a href=\"https:\/\/kalisce.com\/blog\/wp-content\/uploads\/2011\/12\/zl8.pdf\">rezultati<\/a><\/strong><\/strong><\/strong><\/strong><\/p>\n","protected":false},"excerpt":{"rendered":"<p>\u0160e zadnji leto\u0161nji vzpon na Kali\u0161\u010de \ud83d\ude00 Leto 2011 nam je v hribih ponudilo mnogo lepega vremena in odli\u010dnih pogojev za osvajanje vrhov &#8211; nadpovpre\u010dno dobro \u2757 Veliko sre\u010dnih vrnitev v dolino v letu 2012 vam \u017eelim! Galerija &#8211; na Stor\u017ei\u010du je bil Primo\u017e Galerija &#8211; foto Janez Tek na Kali\u0161\u010de Foto Rezultati &#8211;\u00a0absolutno &#8211;\u00a0kategorije [&hellip;]<\/p>\n","protected":false},"author":2,"featured_media":0,"comment_status":"open","ping_status":"open","sticky":false,"template":"","format":"standard","meta":{"footnotes":""},"categories":[9,5,14],"tags":[],"_links":{"self":[{"href":"https:\/\/kalisce.com\/blog\/wp-json\/wp\/v2\/posts\/2261"}],"collection":[{"href":"https:\/\/kalisce.com\/blog\/wp-json\/wp\/v2\/posts"}],"about":[{"href":"https:\/\/kalisce.com\/blog\/wp-json\/wp\/v2\/types\/post"}],"author":[{"embeddable":true,"href":"https:\/\/kalisce.com\/blog\/wp-json\/wp\/v2\/users\/2"}],"replies":[{"embeddable":true,"href":"https:\/\/kalisce.com\/blog\/wp-json\/wp\/v2\/comments?post=2261"}],"version-history":[{"count":7,"href":"https:\/\/kalisce.com\/blog\/wp-json\/wp\/v2\/posts\/2261\/revisions"}],"predecessor-version":[{"id":2267,"href":"https:\/\/kalisce.com\/blog\/wp-json\/wp\/v2\/posts\/2261\/revisions\/2267"}],"wp:attachment":[{"href":"https:\/\/kalisce.com\/blog\/wp-json\/wp\/v2\/media?parent=2261"}],"wp:term":[{"taxonomy":"category","embeddable":true,"href":"https:\/\/kalisce.com\/blog\/wp-json\/wp\/v2\/categories?post=2261"},{"taxonomy":"post_tag","embeddable":true,"href":"https:\/\/kalisce.com\/blog\/wp-json\/wp\/v2\/tags?post=2261"}],"curies":[{"name":"wp","href":"https:\/\/api.w.org\/{rel}","templated":true}]}}