{"id":2287,"date":"2012-01-15T18:06:50","date_gmt":"2012-01-15T17:06:50","guid":{"rendered":"http:\/\/kalisce.com\/blog\/?p=2287"},"modified":"2012-01-16T13:26:55","modified_gmt":"2012-01-16T12:26:55","slug":"sredi-januarja-se-vedno-sonce","status":"publish","type":"post","link":"https:\/\/kalisce.com\/blog\/2012\/01\/15\/sredi-januarja-se-vedno-sonce\/","title":{"rendered":"Sredi januarja &#8211; \u0161e vedno sonce :)"},"content":{"rendered":"<div id=\"attachment_2288\" style=\"width: 360px\" class=\"wp-caption alignleft\"><a href=\"http:\/\/www.facebook.com\/media\/set\/?set=a.10150598113037642.455094.240050787641&amp;type=1\"><img loading=\"lazy\" decoding=\"async\" aria-describedby=\"caption-attachment-2288\" class=\"size-full wp-image-2288\" title=\"Janez - desna pika na vrhu\" src=\"https:\/\/kalisce.com\/blog\/wp-content\/uploads\/2012\/01\/IMG_2634.jpg\" alt=\"Janez - desna pika na vrhu\" width=\"350\" height=\"263\" srcset=\"https:\/\/kalisce.com\/blog\/wp-content\/uploads\/2012\/01\/IMG_2634.jpg 350w, https:\/\/kalisce.com\/blog\/wp-content\/uploads\/2012\/01\/IMG_2634-150x112.jpg 150w, https:\/\/kalisce.com\/blog\/wp-content\/uploads\/2012\/01\/IMG_2634-300x225.jpg 300w\" sizes=\"(max-width: 350px) 100vw, 350px\" \/><\/a><p id=\"caption-attachment-2288\" class=\"wp-caption-text\">Janez - desna pika na vrhu<\/p><\/div>\n<p>V\u010dasih sem vsak teden opisoval vremenske pogoje pod Stor\u017ei\u010dem, sedaj je pa to \u017ee brez pomena \ud83d\ude41<\/p>\n<p>Vreme je vedno enako &#8211; sonce, v\u010dasih ve\u010d, v\u010dasih malo manj, v\u010dasih malo vetra, mraza in snega pa od nikoder. <strong>Ampak <\/strong>\u2757 \u2757 \u2757<\/p>\n<p><strong><a href=\"http:\/\/www.facebook.com\/media\/set\/?set=a.10150598113037642.455094.240050787641&amp;type=1\">Galerija<\/a><\/strong><\/p>\n<p><strong><a href=\"http:\/\/www.facebook.com\/media\/set\/?set=a.10150602149282642.455811.240050787641&amp;type=1\">Galerija <\/a>&#8211; Janez na Stor\u017ei\u010du<\/strong><\/p>\n<p><strong><a href=\"https:\/\/plus.google.com\/photos\/110673567128311316290\/albums\/5697546830375799825?banner=pwa\">Zimski vzpon na Grintovec<\/a> &#8211; foto Andrej<\/strong><\/p>\n<p><strong><a href=\"http:\/\/www.facebook.com\/media\/set\/?set=a.10150447141936689.359647.339539601688&amp;type=1\">Nad Portoro\u017eem okrog Bo\u017ei\u010da<\/a><\/strong><\/p>\n<p><strong><a href=\"https:\/\/kalisce.com\/blog\/zimska-liga\/\">Zimska liga<\/a> &#8211; Brdo &#8211;\u00a0<a href=\"https:\/\/kalisce.com\/blog\/wp-content\/uploads\/2012\/01\/zl10.pdf\">rezultati<\/a> &#8211; <a href=\"https:\/\/plus.google.com\/photos\/102208798609589971682\/albums\/5697875486469309105?banner=pwa\">foto<\/a><\/strong><\/p>\n<p><strong><br \/>\n<\/strong><\/p>\n","protected":false},"excerpt":{"rendered":"<p>V\u010dasih sem vsak teden opisoval vremenske pogoje pod Stor\u017ei\u010dem, sedaj je pa to \u017ee brez pomena \ud83d\ude41 Vreme je vedno enako &#8211; sonce, v\u010dasih ve\u010d, v\u010dasih malo manj, v\u010dasih malo vetra, mraza in snega pa od nikoder. Ampak \u2757 \u2757 \u2757 Galerija Galerija &#8211; Janez na Stor\u017ei\u010du Zimski vzpon na Grintovec &#8211; foto Andrej Nad [&hellip;]<\/p>\n","protected":false},"author":2,"featured_media":0,"comment_status":"open","ping_status":"open","sticky":false,"template":"","format":"standard","meta":{"footnotes":""},"categories":[9,5],"tags":[],"_links":{"self":[{"href":"https:\/\/kalisce.com\/blog\/wp-json\/wp\/v2\/posts\/2287"}],"collection":[{"href":"https:\/\/kalisce.com\/blog\/wp-json\/wp\/v2\/posts"}],"about":[{"href":"https:\/\/kalisce.com\/blog\/wp-json\/wp\/v2\/types\/post"}],"author":[{"embeddable":true,"href":"https:\/\/kalisce.com\/blog\/wp-json\/wp\/v2\/users\/2"}],"replies":[{"embeddable":true,"href":"https:\/\/kalisce.com\/blog\/wp-json\/wp\/v2\/comments?post=2287"}],"version-history":[{"count":5,"href":"https:\/\/kalisce.com\/blog\/wp-json\/wp\/v2\/posts\/2287\/revisions"}],"predecessor-version":[{"id":2291,"href":"https:\/\/kalisce.com\/blog\/wp-json\/wp\/v2\/posts\/2287\/revisions\/2291"}],"wp:attachment":[{"href":"https:\/\/kalisce.com\/blog\/wp-json\/wp\/v2\/media?parent=2287"}],"wp:term":[{"taxonomy":"category","embeddable":true,"href":"https:\/\/kalisce.com\/blog\/wp-json\/wp\/v2\/categories?post=2287"},{"taxonomy":"post_tag","embeddable":true,"href":"https:\/\/kalisce.com\/blog\/wp-json\/wp\/v2\/tags?post=2287"}],"curies":[{"name":"wp","href":"https:\/\/api.w.org\/{rel}","templated":true}]}}