{"id":2299,"date":"2012-01-22T16:55:53","date_gmt":"2012-01-22T15:55:53","guid":{"rendered":"http:\/\/kalisce.com\/blog\/?p=2299"},"modified":"2012-01-23T15:07:01","modified_gmt":"2012-01-23T14:07:01","slug":"22-januar-pa-se-kar-sonce","status":"publish","type":"post","link":"https:\/\/kalisce.com\/blog\/2012\/01\/22\/22-januar-pa-se-kar-sonce\/","title":{"rendered":"22. januar &#8211; pa \u0161e kar sonce :)))"},"content":{"rendered":"<div id=\"attachment_2300\" style=\"width: 360px\" class=\"wp-caption alignleft\"><a href=\"http:\/\/www.facebook.com\/media\/set\/?set=a.10150616478722642.457891.240050787641&amp;type=1\"><img loading=\"lazy\" decoding=\"async\" aria-describedby=\"caption-attachment-2300\" class=\"size-full wp-image-2300\" title=\"\u010cakajo\u010d na lastnika\" src=\"https:\/\/kalisce.com\/blog\/wp-content\/uploads\/2012\/01\/IMG_2387.jpg\" alt=\"\u010cakajo\u010d na lastnika\" width=\"350\" height=\"263\" srcset=\"https:\/\/kalisce.com\/blog\/wp-content\/uploads\/2012\/01\/IMG_2387.jpg 350w, https:\/\/kalisce.com\/blog\/wp-content\/uploads\/2012\/01\/IMG_2387-150x112.jpg 150w, https:\/\/kalisce.com\/blog\/wp-content\/uploads\/2012\/01\/IMG_2387-300x225.jpg 300w\" sizes=\"(max-width: 350px) 100vw, 350px\" \/><\/a><p id=\"caption-attachment-2300\" class=\"wp-caption-text\">\u010cakajo\u010d na lastnika<\/p><\/div>\n<p>Kar se vremena ti\u010de&#8230; ne bi izgubljal besed. Snega smo dobili le za vzorec, toliko da je prekril ledeno pot \ud83d\ude41 Po\u010dakajmo na bolj\u0161e \u010dase.<\/p>\n<p>V ko\u010di se je praznovalo rojstne dneve, Antona, &#8230;, nekateri pa so se udele\u017eili tudi licitacije pri cerkvi v Ma\u010dah. Janez je bil spet na vrhu!<\/p>\n<p><strong><a href=\"http:\/\/www.facebook.com\/media\/set\/?set=a.10150616478722642.457891.240050787641&amp;type=1\">Galerija<\/a><\/strong><\/p>\n<p><strong><a href=\"http:\/\/www.facebook.com\/media\/set\/?set=a.10150619044207642.458429.240050787641&amp;type=1\">Galerija <\/a>&#8211; foto Janez<\/strong><\/p>\n<p><strong><a href=\"http:\/\/vimeo.com\/35368665\">Need4speed &#8211;\u00a0Robert Pe\u010dnik<\/a> &#8211; <\/strong><strong>adrenalinec, ki je sko\u010dil tudi s Sfinge<\/strong><\/p>\n<p><strong><a href=\"https:\/\/kalisce.com\/blog\/zimska-liga\/\">Zimska liga<\/a> &#8211; Kali\u0161\u010de &#8211;\u00a0<a href=\"https:\/\/kalisce.com\/blog\/wp-content\/uploads\/2012\/01\/zl11.pdf\">rezultati<\/a><\/strong><\/p>\n<p><strong><a href=\"https:\/\/plus.google.com\/photos\/102208798609589971682\/albums\/5700517447133328225?banner=pwa\">Foto <\/a>&#8211; ZL<\/strong><\/p>\n<p><strong><a href=\"http:\/\/www.youtube.com\/watch?v=TE7Sn8yXISM\">Film <\/a>&#8211; ZL<\/strong><\/p>\n","protected":false},"excerpt":{"rendered":"<p>Kar se vremena ti\u010de&#8230; ne bi izgubljal besed. Snega smo dobili le za vzorec, toliko da je prekril ledeno pot \ud83d\ude41 Po\u010dakajmo na bolj\u0161e \u010dase. V ko\u010di se je praznovalo rojstne dneve, Antona, &#8230;, nekateri pa so se udele\u017eili tudi licitacije pri cerkvi v Ma\u010dah. Janez je bil spet na vrhu! Galerija Galerija &#8211; foto [&hellip;]<\/p>\n","protected":false},"author":2,"featured_media":0,"comment_status":"open","ping_status":"open","sticky":false,"template":"","format":"standard","meta":{"footnotes":""},"categories":[9,5],"tags":[],"_links":{"self":[{"href":"https:\/\/kalisce.com\/blog\/wp-json\/wp\/v2\/posts\/2299"}],"collection":[{"href":"https:\/\/kalisce.com\/blog\/wp-json\/wp\/v2\/posts"}],"about":[{"href":"https:\/\/kalisce.com\/blog\/wp-json\/wp\/v2\/types\/post"}],"author":[{"embeddable":true,"href":"https:\/\/kalisce.com\/blog\/wp-json\/wp\/v2\/users\/2"}],"replies":[{"embeddable":true,"href":"https:\/\/kalisce.com\/blog\/wp-json\/wp\/v2\/comments?post=2299"}],"version-history":[{"count":5,"href":"https:\/\/kalisce.com\/blog\/wp-json\/wp\/v2\/posts\/2299\/revisions"}],"predecessor-version":[{"id":2303,"href":"https:\/\/kalisce.com\/blog\/wp-json\/wp\/v2\/posts\/2299\/revisions\/2303"}],"wp:attachment":[{"href":"https:\/\/kalisce.com\/blog\/wp-json\/wp\/v2\/media?parent=2299"}],"wp:term":[{"taxonomy":"category","embeddable":true,"href":"https:\/\/kalisce.com\/blog\/wp-json\/wp\/v2\/categories?post=2299"},{"taxonomy":"post_tag","embeddable":true,"href":"https:\/\/kalisce.com\/blog\/wp-json\/wp\/v2\/tags?post=2299"}],"curies":[{"name":"wp","href":"https:\/\/api.w.org\/{rel}","templated":true}]}}