{"id":2382,"date":"2012-03-04T11:20:39","date_gmt":"2012-03-04T10:20:39","guid":{"rendered":"http:\/\/kalisce.com\/blog\/?p=2382"},"modified":"2012-03-04T11:21:24","modified_gmt":"2012-03-04T10:21:24","slug":"marec-1-vikend","status":"publish","type":"post","link":"https:\/\/kalisce.com\/blog\/2012\/03\/04\/marec-1-vikend\/","title":{"rendered":"Marec &#8211; 1. vikend"},"content":{"rendered":"<div id=\"attachment_2384\" style=\"width: 360px\" class=\"wp-caption alignleft\"><a href=\"http:\/\/www.facebook.com\/media\/set\/?set=a.10150721295467642.471275.240050787641&amp;type=1\"><img loading=\"lazy\" decoding=\"async\" aria-describedby=\"caption-attachment-2384\" class=\"size-full wp-image-2384\" title=\"Janez nad Stor\u017ei\u010dem\" src=\"https:\/\/kalisce.com\/blog\/wp-content\/uploads\/2012\/03\/IMG_49111.jpg\" alt=\"Janez nad Stor\u017ei\u010dem\" width=\"350\" height=\"263\" srcset=\"https:\/\/kalisce.com\/blog\/wp-content\/uploads\/2012\/03\/IMG_49111.jpg 350w, https:\/\/kalisce.com\/blog\/wp-content\/uploads\/2012\/03\/IMG_49111-150x112.jpg 150w, https:\/\/kalisce.com\/blog\/wp-content\/uploads\/2012\/03\/IMG_49111-300x225.jpg 300w\" sizes=\"(max-width: 350px) 100vw, 350px\" \/><\/a><p id=\"caption-attachment-2384\" class=\"wp-caption-text\">Janez nad Stor\u017ei\u010dem<\/p><\/div>\n<p>Marec smo za\u010deli v lepem in toplem vremenu &#8211; pretoplem. Dereze se rabijo samo zadnje ovinke pod <strong>Kali\u0161\u010dem<\/strong>, na poti proti vrhu <strong>Stor\u017ei\u010da<\/strong> so pa \u0161e zimske razmere \u2757<\/p>\n<p>Sobotni prihod sonca je <strong>Janez<\/strong> spet do\u017eivel na vrhu.<\/p>\n<p><a href=\"http:\/\/www.facebook.com\/media\/set\/?set=a.10150721295467642.471275.240050787641&amp;type=1\"><strong>Galerija<\/strong><\/a><\/p>\n<p><strong><strong><a href=\"https:\/\/kalisce.com\/blog\/wp-content\/uploads\/2012\/02\/010312.pdf\">KLJUKE \u2013 vpisi do 26. februarja 2012<\/a><\/strong><\/strong><\/p>\n<p><a href=\"https:\/\/kalisce.com\/blog\/6-ur-kalisca\/\"><strong>6 ur Kali\u0161\u010da \u2013 razpis<\/strong><\/a><\/p>\n","protected":false},"excerpt":{"rendered":"<p>Marec smo za\u010deli v lepem in toplem vremenu &#8211; pretoplem. Dereze se rabijo samo zadnje ovinke pod Kali\u0161\u010dem, na poti proti vrhu Stor\u017ei\u010da so pa \u0161e zimske razmere \u2757 Sobotni prihod sonca je Janez spet do\u017eivel na vrhu. Galerija KLJUKE \u2013 vpisi do 26. februarja 2012 6 ur Kali\u0161\u010da \u2013 razpis<\/p>\n","protected":false},"author":2,"featured_media":0,"comment_status":"open","ping_status":"open","sticky":false,"template":"","format":"standard","meta":{"footnotes":""},"categories":[9,8,5],"tags":[],"_links":{"self":[{"href":"https:\/\/kalisce.com\/blog\/wp-json\/wp\/v2\/posts\/2382"}],"collection":[{"href":"https:\/\/kalisce.com\/blog\/wp-json\/wp\/v2\/posts"}],"about":[{"href":"https:\/\/kalisce.com\/blog\/wp-json\/wp\/v2\/types\/post"}],"author":[{"embeddable":true,"href":"https:\/\/kalisce.com\/blog\/wp-json\/wp\/v2\/users\/2"}],"replies":[{"embeddable":true,"href":"https:\/\/kalisce.com\/blog\/wp-json\/wp\/v2\/comments?post=2382"}],"version-history":[{"count":3,"href":"https:\/\/kalisce.com\/blog\/wp-json\/wp\/v2\/posts\/2382\/revisions"}],"predecessor-version":[{"id":2387,"href":"https:\/\/kalisce.com\/blog\/wp-json\/wp\/v2\/posts\/2382\/revisions\/2387"}],"wp:attachment":[{"href":"https:\/\/kalisce.com\/blog\/wp-json\/wp\/v2\/media?parent=2382"}],"wp:term":[{"taxonomy":"category","embeddable":true,"href":"https:\/\/kalisce.com\/blog\/wp-json\/wp\/v2\/categories?post=2382"},{"taxonomy":"post_tag","embeddable":true,"href":"https:\/\/kalisce.com\/blog\/wp-json\/wp\/v2\/tags?post=2382"}],"curies":[{"name":"wp","href":"https:\/\/api.w.org\/{rel}","templated":true}]}}