{"id":2388,"date":"2012-03-11T15:03:41","date_gmt":"2012-03-11T14:03:41","guid":{"rendered":"http:\/\/kalisce.com\/blog\/?p=2388"},"modified":"2012-03-11T15:03:42","modified_gmt":"2012-03-11T14:03:42","slug":"dan-zena-in-muceniki","status":"publish","type":"post","link":"https:\/\/kalisce.com\/blog\/2012\/03\/11\/dan-zena-in-muceniki\/","title":{"rendered":"Dan \u017eena in mu\u010deniki :)"},"content":{"rendered":"<div id=\"attachment_2389\" style=\"width: 360px\" class=\"wp-caption alignleft\"><a href=\"http:\/\/www.facebook.com\/media\/set\/?set=a.10150736145687642.473445.240050787641&amp;type=1\"><img loading=\"lazy\" decoding=\"async\" aria-describedby=\"caption-attachment-2389\" class=\"size-full wp-image-2389\" title=\"Na\u0161i hribi\" src=\"https:\/\/kalisce.com\/blog\/wp-content\/uploads\/2012\/03\/IMG_5052-1.jpg\" alt=\"Na\u0161i hribi\" width=\"350\" height=\"263\" srcset=\"https:\/\/kalisce.com\/blog\/wp-content\/uploads\/2012\/03\/IMG_5052-1.jpg 350w, https:\/\/kalisce.com\/blog\/wp-content\/uploads\/2012\/03\/IMG_5052-1-150x112.jpg 150w, https:\/\/kalisce.com\/blog\/wp-content\/uploads\/2012\/03\/IMG_5052-1-300x225.jpg 300w\" sizes=\"(max-width: 350px) 100vw, 350px\" \/><\/a><p id=\"caption-attachment-2389\" class=\"wp-caption-text\">Na\u0161i hribi<\/p><\/div>\n<p>Za nami je teden z legendarnim praznikom &#8211; <strong>dnevom \u017eena<\/strong>. Pozabili nismo tudi <strong>dneva mu\u010denikov<\/strong> \ud83d\ude42<\/p>\n<p>Vsem vpletenim \u017eelim vse najbolj\u0161e ob njihovem prazniku \u2757<\/p>\n<p>Na <strong>Stor\u017ei\u010du<\/strong> je bilo pa tokrat zelooo vetrovno!<strong>\u00a0Dereze <\/strong>so \u0161e vedno obvezna oprema za <strong>Stor\u017ei\u010d<\/strong>, do <strong>Kali\u0161\u010da<\/strong> pa jih ne potrebujete ve\u010d.<\/p>\n<p><a href=\"http:\/\/www.facebook.com\/media\/set\/?set=a.10150736145687642.473445.240050787641&amp;type=1\"><strong>Galerija<\/strong><\/a><\/p>\n<p>V soboto je bil v Naklem <strong>offroad<\/strong> \ud83d\ude00<\/p>\n<p><a href=\"http:\/\/www.facebook.com\/media\/set\/?set=a.10150606962093002.391447.12210258001&amp;type=1\"><strong>Galerija<\/strong><\/a><\/p>\n<p><a href=\"http:\/\/youtu.be\/7wp740m51h4\"><strong>Film 1<\/strong><\/a><\/p>\n<p><a href=\"http:\/\/www.youtube.com\/watch?v=A26pNPZGrVE&amp;hd=1\"><strong>Film 2<\/strong><\/a><\/p>\n","protected":false},"excerpt":{"rendered":"<p>Za nami je teden z legendarnim praznikom &#8211; dnevom \u017eena. Pozabili nismo tudi dneva mu\u010denikov \ud83d\ude42 Vsem vpletenim \u017eelim vse najbolj\u0161e ob njihovem prazniku \u2757 Na Stor\u017ei\u010du je bilo pa tokrat zelooo vetrovno!\u00a0Dereze so \u0161e vedno obvezna oprema za Stor\u017ei\u010d, do Kali\u0161\u010da pa jih ne potrebujete ve\u010d. Galerija V soboto je bil v Naklem offroad [&hellip;]<\/p>\n","protected":false},"author":2,"featured_media":0,"comment_status":"open","ping_status":"open","sticky":false,"template":"","format":"standard","meta":{"footnotes":""},"categories":[9,5],"tags":[],"_links":{"self":[{"href":"https:\/\/kalisce.com\/blog\/wp-json\/wp\/v2\/posts\/2388"}],"collection":[{"href":"https:\/\/kalisce.com\/blog\/wp-json\/wp\/v2\/posts"}],"about":[{"href":"https:\/\/kalisce.com\/blog\/wp-json\/wp\/v2\/types\/post"}],"author":[{"embeddable":true,"href":"https:\/\/kalisce.com\/blog\/wp-json\/wp\/v2\/users\/2"}],"replies":[{"embeddable":true,"href":"https:\/\/kalisce.com\/blog\/wp-json\/wp\/v2\/comments?post=2388"}],"version-history":[{"count":2,"href":"https:\/\/kalisce.com\/blog\/wp-json\/wp\/v2\/posts\/2388\/revisions"}],"predecessor-version":[{"id":2391,"href":"https:\/\/kalisce.com\/blog\/wp-json\/wp\/v2\/posts\/2388\/revisions\/2391"}],"wp:attachment":[{"href":"https:\/\/kalisce.com\/blog\/wp-json\/wp\/v2\/media?parent=2388"}],"wp:term":[{"taxonomy":"category","embeddable":true,"href":"https:\/\/kalisce.com\/blog\/wp-json\/wp\/v2\/categories?post=2388"},{"taxonomy":"post_tag","embeddable":true,"href":"https:\/\/kalisce.com\/blog\/wp-json\/wp\/v2\/tags?post=2388"}],"curies":[{"name":"wp","href":"https:\/\/api.w.org\/{rel}","templated":true}]}}