{"id":2582,"date":"2012-10-14T15:49:56","date_gmt":"2012-10-14T14:49:56","guid":{"rendered":"http:\/\/kalisce.com\/blog\/?p=2582"},"modified":"2012-10-17T12:01:34","modified_gmt":"2012-10-17T11:01:34","slug":"storzic-vertikal-kilometer","status":"publish","type":"post","link":"https:\/\/kalisce.com\/blog\/2012\/10\/14\/storzic-vertikal-kilometer\/","title":{"rendered":"Stor\u017ei\u010d &#8211; vertikal kilometer"},"content":{"rendered":"<div id=\"attachment_2583\" style=\"width: 310px\" class=\"wp-caption alignleft\"><a href=\"http:\/\/www.facebook.com\/media\/set\/?set=a.10151280459247642.535119.240050787641&amp;type=1\"><img loading=\"lazy\" decoding=\"async\" aria-describedby=\"caption-attachment-2583\" class=\"size-medium wp-image-2583\" title=\"Stor\u017ei\u010d - 1 kilometer gor\" src=\"https:\/\/kalisce.com\/blog\/wp-content\/uploads\/2012\/10\/st1-300x175.jpg\" alt=\"Stor\u017ei\u010d - 1 kilometer gor\" width=\"300\" height=\"175\" srcset=\"https:\/\/kalisce.com\/blog\/wp-content\/uploads\/2012\/10\/st1-300x175.jpg 300w, https:\/\/kalisce.com\/blog\/wp-content\/uploads\/2012\/10\/st1-150x87.jpg 150w, https:\/\/kalisce.com\/blog\/wp-content\/uploads\/2012\/10\/st1-1024x597.jpg 1024w, https:\/\/kalisce.com\/blog\/wp-content\/uploads\/2012\/10\/st1.jpg 1664w\" sizes=\"(max-width: 300px) 100vw, 300px\" \/><\/a><p id=\"caption-attachment-2583\" class=\"wp-caption-text\">Stor\u017ei\u010d &#8211; 1 kilometer gor<\/p><\/div>\n<p>V nedeljo, 14. 10 2012, smo pomagali <strong>Nejcu Kuharju<\/strong> pri organizaciji teka na <strong>Stor\u017ei\u010d<\/strong> po strmej\u0161i varianti. Nekaj nad Lovrencom je bil \u0161tart, proga je nato potekala mimo dveh klopic proti vrhu Stor\u017ei\u010da po strmi lovski poti. Na dobrih dveh kilometrih se je proga dvignila za 1000 metrov \ud83d\ude42<\/p>\n<p>Tekma je bila prijateljskega zna\u010daja, ampak je \u0161lo na polno!<\/p>\n<p>Hvala vsem za udele\u017ebo, za pomo\u010d pri organizaciji, za piknik v Gamsovem raju, \u00a0hvala Bojanu Jev\u0161evarju za cvi\u010dek, &#8230;.<\/p>\n<p><strong>Nejc<\/strong>: &#8220;Se vidimo prihodnje leto bolj\u0161i in \u0161tevil\u010dnej\u0161i&#8221; \u2757<\/p>\n<p><strong><a href=\"http:\/\/www.facebook.com\/media\/set\/?set=a.10151107056018002.446504.12210258001&amp;type=1\">Galerija I<\/a> &#8211; Miha<\/strong><\/p>\n<p><a href=\"http:\/\/www.facebook.com\/media\/set\/?set=a.10151280459247642.535119.240050787641&amp;type=1\"><strong>Galerija II<\/strong><\/a><\/p>\n<p><a href=\"http:\/\/youtu.be\/N9pWDRAyRxw\"><strong>Film &#8211; cilj na Stor\u017ei\u010du<\/strong><\/a><\/p>\n<p><a href=\"http:\/\/www.turni.si\/?p=1145\"><strong>Turni.si &#8211; poro\u010dilo<\/strong><\/a><\/p>\n<p><a href=\"http:\/\/www.nejc-kuhar.si\/index.php?idnov=216\"><strong>Nejc Kuhar &#8211; blog<\/strong><\/a><\/p>\n<p><a href=\"http:\/\/bojanambrozic.wordpress.com\/2012\/10\/14\/storzic-vertikal-kilometer\/\"><strong>Bojan Ambro\u017ei\u010d &#8211;\u00a0blog<\/strong><\/a><\/p>\n<p><a href=\"http:\/\/www.davidkadunc.si\/storzic-vertikal-kilometer-2012\/\"><strong>David Kadunc &#8211; blog<\/strong><\/a><\/p>\n<p><a href=\"http:\/\/www.siol.net\/sportal\/rekreacija\/novice\/2012\/10\/prvi_storzic_vertikal_kilometer.aspx\"><strong>SiOL.net &#8211; reporta\u017ea<\/strong><\/a><\/p>\n","protected":false},"excerpt":{"rendered":"<p>V nedeljo, 14. 10 2012, smo pomagali Nejcu Kuharju pri organizaciji teka na Stor\u017ei\u010d po strmej\u0161i varianti. Nekaj nad Lovrencom je bil \u0161tart, proga je nato potekala mimo dveh klopic proti vrhu Stor\u017ei\u010da po strmi lovski poti. Na dobrih dveh kilometrih se je proga dvignila za 1000 metrov \ud83d\ude42 Tekma je bila prijateljskega zna\u010daja, ampak [&hellip;]<\/p>\n","protected":false},"author":2,"featured_media":0,"comment_status":"open","ping_status":"open","sticky":false,"template":"","format":"standard","meta":{"footnotes":""},"categories":[5],"tags":[],"_links":{"self":[{"href":"https:\/\/kalisce.com\/blog\/wp-json\/wp\/v2\/posts\/2582"}],"collection":[{"href":"https:\/\/kalisce.com\/blog\/wp-json\/wp\/v2\/posts"}],"about":[{"href":"https:\/\/kalisce.com\/blog\/wp-json\/wp\/v2\/types\/post"}],"author":[{"embeddable":true,"href":"https:\/\/kalisce.com\/blog\/wp-json\/wp\/v2\/users\/2"}],"replies":[{"embeddable":true,"href":"https:\/\/kalisce.com\/blog\/wp-json\/wp\/v2\/comments?post=2582"}],"version-history":[{"count":7,"href":"https:\/\/kalisce.com\/blog\/wp-json\/wp\/v2\/posts\/2582\/revisions"}],"predecessor-version":[{"id":2585,"href":"https:\/\/kalisce.com\/blog\/wp-json\/wp\/v2\/posts\/2582\/revisions\/2585"}],"wp:attachment":[{"href":"https:\/\/kalisce.com\/blog\/wp-json\/wp\/v2\/media?parent=2582"}],"wp:term":[{"taxonomy":"category","embeddable":true,"href":"https:\/\/kalisce.com\/blog\/wp-json\/wp\/v2\/categories?post=2582"},{"taxonomy":"post_tag","embeddable":true,"href":"https:\/\/kalisce.com\/blog\/wp-json\/wp\/v2\/tags?post=2582"}],"curies":[{"name":"wp","href":"https:\/\/api.w.org\/{rel}","templated":true}]}}