{"id":2592,"date":"2012-10-21T08:26:03","date_gmt":"2012-10-21T07:26:03","guid":{"rendered":"http:\/\/kalisce.com\/blog\/?p=2592"},"modified":"2012-10-24T19:09:42","modified_gmt":"2012-10-24T18:09:42","slug":"indijansko-poletje-v-hribih","status":"publish","type":"post","link":"https:\/\/kalisce.com\/blog\/2012\/10\/21\/indijansko-poletje-v-hribih\/","title":{"rendered":"Indijansko poletje v hribih"},"content":{"rendered":"<div id=\"attachment_2593\" style=\"width: 310px\" class=\"wp-caption alignleft\"><a href=\"http:\/\/www.facebook.com\/media\/set\/?set=a.10151290883387642.536847.240050787641&amp;type=1\"><img loading=\"lazy\" decoding=\"async\" aria-describedby=\"caption-attachment-2593\" class=\"size-medium wp-image-2593\" title=\"Krn - zahodna stena - smer Silva Koren\" src=\"https:\/\/kalisce.com\/blog\/wp-content\/uploads\/2012\/10\/krnsmer-300x175.jpg\" alt=\"Krn - zahodna stena - smer Silva Koren\" width=\"300\" height=\"175\" srcset=\"https:\/\/kalisce.com\/blog\/wp-content\/uploads\/2012\/10\/krnsmer-300x175.jpg 300w, https:\/\/kalisce.com\/blog\/wp-content\/uploads\/2012\/10\/krnsmer-150x87.jpg 150w, https:\/\/kalisce.com\/blog\/wp-content\/uploads\/2012\/10\/krnsmer-1024x597.jpg 1024w, https:\/\/kalisce.com\/blog\/wp-content\/uploads\/2012\/10\/krnsmer.jpg 1664w\" sizes=\"(max-width: 300px) 100vw, 300px\" \/><\/a><p id=\"caption-attachment-2593\" class=\"wp-caption-text\">Krn &#8211; zahodna stena &#8211; smer Silva Koren<\/p><\/div>\n<p>Lepo jesensko vreme smo izkoristili za razli\u010dne adrenalinske izzive \ud83d\ude42 , na <strong>Kali\u0161\u010du<\/strong>\u00a0pa je v teku \u017ee <strong>16<\/strong>. sezona za KLJUKE, ki se zaklju\u010di konec aprila 2013.<\/p>\n<p>Letos so imeli alpinisti u\u010dne ure na Kali\u0161\u010du v lepem vremenu \ud83d\ude09<\/p>\n<p><strong><a href=\"https:\/\/plus.google.com\/photos\/110673567128311316290\/albums\/5801125148816600881?authkey=CLeSkIj-45yPhwE\">Triglav<\/a>\u00a0&#8211; Andrej &amp; Co<\/strong><\/p>\n<p><a href=\"http:\/\/www.facebook.com\/media\/set\/?set=a.10151290883387642.536847.240050787641&amp;type=1\"><strong>Krn &#8211; smer Silva Koren<\/strong><\/a><\/p>\n<p><strong><a href=\"http:\/\/www.facebook.com\/media\/set\/?set=a.10151291466537642.536969.240050787641&amp;type=1\">Stor\u017ei\u010d &#8211; jesensko jutro<\/a>\u00a0&#8211; Janez &amp; Meri<\/strong><\/p>\n<p><a href=\"http:\/\/www.facebook.com\/media\/set\/?set=a.10151296327272642.537730.240050787641&amp;type=1\"><strong>Ti\u010darica, pir na Sedmerih jezerih<\/strong><\/a><\/p>\n<p><strong><a href=\"https:\/\/kalisce.com\/blog\/wp-content\/uploads\/2012\/10\/kzl1213.pdf\">Zimska liga &#8211; plakat<\/a><\/strong><\/p>\n","protected":false},"excerpt":{"rendered":"<p>Lepo jesensko vreme smo izkoristili za razli\u010dne adrenalinske izzive \ud83d\ude42 , na Kali\u0161\u010du\u00a0pa je v teku \u017ee 16. sezona za KLJUKE, ki se zaklju\u010di konec aprila 2013. Letos so imeli alpinisti u\u010dne ure na Kali\u0161\u010du v lepem vremenu \ud83d\ude09 Triglav\u00a0&#8211; Andrej &amp; Co Krn &#8211; smer Silva Koren Stor\u017ei\u010d &#8211; jesensko jutro\u00a0&#8211; Janez &amp; Meri [&hellip;]<\/p>\n","protected":false},"author":2,"featured_media":0,"comment_status":"open","ping_status":"open","sticky":false,"template":"","format":"standard","meta":{"footnotes":""},"categories":[9,11,5],"tags":[],"_links":{"self":[{"href":"https:\/\/kalisce.com\/blog\/wp-json\/wp\/v2\/posts\/2592"}],"collection":[{"href":"https:\/\/kalisce.com\/blog\/wp-json\/wp\/v2\/posts"}],"about":[{"href":"https:\/\/kalisce.com\/blog\/wp-json\/wp\/v2\/types\/post"}],"author":[{"embeddable":true,"href":"https:\/\/kalisce.com\/blog\/wp-json\/wp\/v2\/users\/2"}],"replies":[{"embeddable":true,"href":"https:\/\/kalisce.com\/blog\/wp-json\/wp\/v2\/comments?post=2592"}],"version-history":[{"count":13,"href":"https:\/\/kalisce.com\/blog\/wp-json\/wp\/v2\/posts\/2592\/revisions"}],"predecessor-version":[{"id":2595,"href":"https:\/\/kalisce.com\/blog\/wp-json\/wp\/v2\/posts\/2592\/revisions\/2595"}],"wp:attachment":[{"href":"https:\/\/kalisce.com\/blog\/wp-json\/wp\/v2\/media?parent=2592"}],"wp:term":[{"taxonomy":"category","embeddable":true,"href":"https:\/\/kalisce.com\/blog\/wp-json\/wp\/v2\/categories?post=2592"},{"taxonomy":"post_tag","embeddable":true,"href":"https:\/\/kalisce.com\/blog\/wp-json\/wp\/v2\/tags?post=2592"}],"curies":[{"name":"wp","href":"https:\/\/api.w.org\/{rel}","templated":true}]}}