{"id":277,"date":"2008-11-17T16:36:49","date_gmt":"2008-11-17T14:36:49","guid":{"rendered":"http:\/\/kalisce.com\/blog\/?p=277"},"modified":"2008-11-20T14:37:18","modified_gmt":"2008-11-20T12:37:18","slug":"lepa-jesen-se-vedno","status":"publish","type":"post","link":"https:\/\/kalisce.com\/blog\/2008\/11\/17\/lepa-jesen-se-vedno\/","title":{"rendered":"Lepa jesen &#8211; \u0161e vedno"},"content":{"rendered":"<p><iframe loading=\"lazy\" width=\"500\" height=\"375\" src=\"https:\/\/www.youtube.com\/embed\/1p0ltTX76tA?feature=oembed\" frameborder=\"0\" gesture=\"media\" allow=\"encrypted-media\" allowfullscreen><\/iframe><br \/>\n<a href=\"https:\/\/kalisce.com\/blog\/foto\/2008\/081116\/index.html\"><img loading=\"lazy\" decoding=\"async\" class=\"alignleft size-full wp-image-278\" title=\"Sne\u017ena kapa na Stor\u017ei\u010du\" src=\"https:\/\/kalisce.com\/blog\/wp-content\/uploads\/2008\/11\/img_9103.jpg\" alt=\"\" width=\"350\" height=\"285\" srcset=\"https:\/\/kalisce.com\/blog\/wp-content\/uploads\/2008\/11\/img_9103.jpg 350w, https:\/\/kalisce.com\/blog\/wp-content\/uploads\/2008\/11\/img_9103-150x122.jpg 150w, https:\/\/kalisce.com\/blog\/wp-content\/uploads\/2008\/11\/img_9103-300x244.jpg 300w\" sizes=\"(max-width: 350px) 100vw, 350px\" \/><\/a>Leto\u0161nja jesen nam gre pa zelo na roko! \u010ceprav de\u017euje ves teden, se ob koncu tedna vreme uredi. Vseh sedem nedelj (leto\u0161nja sezona za KLJUKE) smo imeli sonce.<\/p>\n<p>Druga\u010de pa vikend kot vikend: praznovanje Martina (<strong>Janez<\/strong> je odli\u010dno prevetril harmoniko), nekaj osebnih rojstnih dni, veliko blata v soboto, spet izjemni son\u010dni vzhodi in zahodi, tretji krog <a href=\"https:\/\/kalisce.com\/blog\/zimska-liga\/\"><strong>zimske lige<\/strong><\/a> in veliko planincev v nedeljo.<\/p>\n<p>Po snegu di\u0161i?!?!<\/p>\n<p><a href=\"https:\/\/kalisce.com\/blog\/foto\/2008\/081116\/index.html\"><strong>Galerija<\/strong><\/a><\/p>\n<p><a href=\"https:\/\/kalisce.com\/blog\/vpisi\/2008\/081116.pdf\"><strong>Seznam vpisanih KLJUK &#8211; 16.11.2008<\/strong><\/a><\/p>\n","protected":false},"excerpt":{"rendered":"<p>Leto\u0161nja jesen nam gre pa zelo na roko! \u010ceprav de\u017euje ves teden, se ob koncu tedna vreme uredi. Vseh sedem nedelj (leto\u0161nja sezona za KLJUKE) smo imeli sonce. Druga\u010de pa vikend kot vikend: praznovanje Martina (Janez je odli\u010dno prevetril harmoniko), nekaj osebnih rojstnih dni, veliko blata v soboto, spet izjemni son\u010dni vzhodi in zahodi, tretji [&hellip;]<\/p>\n","protected":false},"author":2,"featured_media":0,"comment_status":"open","ping_status":"open","sticky":false,"template":"","format":"standard","meta":{"footnotes":""},"categories":[9,8],"tags":[],"_links":{"self":[{"href":"https:\/\/kalisce.com\/blog\/wp-json\/wp\/v2\/posts\/277"}],"collection":[{"href":"https:\/\/kalisce.com\/blog\/wp-json\/wp\/v2\/posts"}],"about":[{"href":"https:\/\/kalisce.com\/blog\/wp-json\/wp\/v2\/types\/post"}],"author":[{"embeddable":true,"href":"https:\/\/kalisce.com\/blog\/wp-json\/wp\/v2\/users\/2"}],"replies":[{"embeddable":true,"href":"https:\/\/kalisce.com\/blog\/wp-json\/wp\/v2\/comments?post=277"}],"version-history":[{"count":6,"href":"https:\/\/kalisce.com\/blog\/wp-json\/wp\/v2\/posts\/277\/revisions"}],"predecessor-version":[{"id":283,"href":"https:\/\/kalisce.com\/blog\/wp-json\/wp\/v2\/posts\/277\/revisions\/283"}],"wp:attachment":[{"href":"https:\/\/kalisce.com\/blog\/wp-json\/wp\/v2\/media?parent=277"}],"wp:term":[{"taxonomy":"category","embeddable":true,"href":"https:\/\/kalisce.com\/blog\/wp-json\/wp\/v2\/categories?post=277"},{"taxonomy":"post_tag","embeddable":true,"href":"https:\/\/kalisce.com\/blog\/wp-json\/wp\/v2\/tags?post=277"}],"curies":[{"name":"wp","href":"https:\/\/api.w.org\/{rel}","templated":true}]}}