{"id":2783,"date":"2013-01-13T20:04:20","date_gmt":"2013-01-13T19:04:20","guid":{"rendered":"http:\/\/kalisce.com\/blog\/?p=2783"},"modified":"2013-01-13T20:19:41","modified_gmt":"2013-01-13T19:19:41","slug":"drazgose-2013","status":"publish","type":"post","link":"https:\/\/kalisce.com\/blog\/2013\/01\/13\/drazgose-2013\/","title":{"rendered":"Dra\u017ego\u0161e 2013"},"content":{"rendered":"<div id=\"attachment_2784\" style=\"width: 310px\" class=\"wp-caption alignleft\"><a href=\"http:\/\/www.facebook.com\/media\/set\/?set=a.10151427184512642.555823.240050787641&amp;type=1\"><img loading=\"lazy\" decoding=\"async\" aria-describedby=\"caption-attachment-2784\" class=\"size-medium wp-image-2784 \" title=\"Gasilska pred spomenikom\" src=\"https:\/\/kalisce.com\/blog\/wp-content\/uploads\/2013\/01\/IMG_3567-300x168.jpg\" alt=\"Gasilska pred spomenikom\" width=\"300\" height=\"168\" srcset=\"https:\/\/kalisce.com\/blog\/wp-content\/uploads\/2013\/01\/IMG_3567-300x168.jpg 300w, https:\/\/kalisce.com\/blog\/wp-content\/uploads\/2013\/01\/IMG_3567-150x84.jpg 150w, https:\/\/kalisce.com\/blog\/wp-content\/uploads\/2013\/01\/IMG_3567.jpg 960w\" sizes=\"(max-width: 300px) 100vw, 300px\" \/><\/a><p id=\"caption-attachment-2784\" class=\"wp-caption-text\">Gasilska pred spomenikom<\/p><\/div>\n<p><strong>Andrej, Gregor, Milan<\/strong> in \u0161e mnogi drugi, so se udele\u017eili tradicionalnega spominskega pohoda v Dra\u017ego\u0161e, kjer so padale tudi te\u017eke besede o trenutni situaciji v Sloveniji. Ampak tukaj ne bomo o tem&#8230; \ud83d\udc7f<\/p>\n<p><strong>Sneg bo<\/strong>! Kon\u010dno!<\/p>\n<p>Zadnje tri slike so posnete pod Kali\u0161\u010dem v soboto.<\/p>\n<p><a href=\"http:\/\/www.facebook.com\/media\/set\/?set=a.10151427184512642.555823.240050787641&amp;type=1\"><strong>Galerija<\/strong><\/a><\/p>\n<p><strong><a href=\"https:\/\/kalisce.com\/blog\/zimska-liga\/\">Zimska liga<\/a>\u00a0&#8211; Brdo \u2013\u00a0<strong><strong><strong><strong><strong><strong><strong><strong><strong><strong><strong><strong><strong><strong><strong><strong><strong><strong><strong><strong><strong><strong><strong><strong><a href=\"https:\/\/kalisce.com\/blog\/wp-content\/uploads\/2013\/01\/zlbrdo10.pdf\">rezultati\u00a0<\/a>&#8211;\u00a0<strong><strong><strong><strong><strong><strong><strong><strong><strong><strong><strong><strong><strong><strong><strong><strong><strong><strong><strong><strong><strong><strong><strong><strong><strong><strong><strong><strong><strong><strong><strong><strong><strong><strong><strong><strong><strong><strong><strong><strong><strong><strong><strong><strong><strong><strong><strong><strong><strong><a href=\"https:\/\/picasaweb.google.com\/112344780922462518974\/KranjskaZimskaTekaskaLigaBRDO1312013\">foto\u00a0<\/a>(Divji zajci)<\/strong><\/strong><\/strong><\/strong><\/strong><\/strong><\/strong><\/strong><\/strong><\/strong><\/strong><\/strong><\/strong><\/strong><\/strong><\/strong><\/strong><\/strong><\/strong><\/strong><\/strong><\/strong><\/strong><\/strong><\/strong><\/strong><\/strong><\/strong><\/strong><\/strong><\/strong><\/strong><\/strong><\/strong><\/strong><\/strong><\/strong><\/strong><\/strong><\/strong><\/strong><\/strong><\/strong><\/strong><\/strong><\/strong><\/strong><\/strong><\/strong><\/strong><\/strong><\/strong><\/strong><\/strong><\/strong><\/strong><\/strong><\/strong><\/strong><\/strong><\/strong><\/strong><\/strong><\/strong><\/strong><\/strong><\/strong><\/strong><\/strong><\/strong><\/strong><\/strong><\/strong><\/strong><\/p>\n<p><strong><a href=\"http:\/\/divji-zajci.si\/2013\/01\/zimska-liga-brdo\/\">Divji zajci<\/a>\u00a0&#8211; okrog Brda<\/strong><\/p>\n","protected":false},"excerpt":{"rendered":"<p>Andrej, Gregor, Milan in \u0161e mnogi drugi, so se udele\u017eili tradicionalnega spominskega pohoda v Dra\u017ego\u0161e, kjer so padale tudi te\u017eke besede o trenutni situaciji v Sloveniji. Ampak tukaj ne bomo o tem&#8230; \ud83d\udc7f Sneg bo! Kon\u010dno! Zadnje tri slike so posnete pod Kali\u0161\u010dem v soboto. Galerija Zimska liga\u00a0&#8211; Brdo \u2013\u00a0rezultati\u00a0&#8211;\u00a0foto\u00a0(Divji zajci) Divji zajci\u00a0&#8211; okrog Brda<\/p>\n","protected":false},"author":2,"featured_media":0,"comment_status":"open","ping_status":"open","sticky":false,"template":"","format":"standard","meta":{"footnotes":""},"categories":[9,5],"tags":[],"_links":{"self":[{"href":"https:\/\/kalisce.com\/blog\/wp-json\/wp\/v2\/posts\/2783"}],"collection":[{"href":"https:\/\/kalisce.com\/blog\/wp-json\/wp\/v2\/posts"}],"about":[{"href":"https:\/\/kalisce.com\/blog\/wp-json\/wp\/v2\/types\/post"}],"author":[{"embeddable":true,"href":"https:\/\/kalisce.com\/blog\/wp-json\/wp\/v2\/users\/2"}],"replies":[{"embeddable":true,"href":"https:\/\/kalisce.com\/blog\/wp-json\/wp\/v2\/comments?post=2783"}],"version-history":[{"count":3,"href":"https:\/\/kalisce.com\/blog\/wp-json\/wp\/v2\/posts\/2783\/revisions"}],"predecessor-version":[{"id":2791,"href":"https:\/\/kalisce.com\/blog\/wp-json\/wp\/v2\/posts\/2783\/revisions\/2791"}],"wp:attachment":[{"href":"https:\/\/kalisce.com\/blog\/wp-json\/wp\/v2\/media?parent=2783"}],"wp:term":[{"taxonomy":"category","embeddable":true,"href":"https:\/\/kalisce.com\/blog\/wp-json\/wp\/v2\/categories?post=2783"},{"taxonomy":"post_tag","embeddable":true,"href":"https:\/\/kalisce.com\/blog\/wp-json\/wp\/v2\/tags?post=2783"}],"curies":[{"name":"wp","href":"https:\/\/api.w.org\/{rel}","templated":true}]}}