{"id":2839,"date":"2013-02-10T19:19:07","date_gmt":"2013-02-10T18:19:07","guid":{"rendered":"http:\/\/kalisce.com\/blog\/?p=2839"},"modified":"2013-02-18T19:48:21","modified_gmt":"2013-02-18T18:48:21","slug":"pust-2013","status":"publish","type":"post","link":"https:\/\/kalisce.com\/blog\/2013\/02\/10\/pust-2013\/","title":{"rendered":"Pust 2013"},"content":{"rendered":"<div id=\"attachment_2840\" style=\"width: 310px\" class=\"wp-caption alignleft\"><a href=\"http:\/\/www.facebook.com\/media\/set\/?set=a.10151503886972642.561032.240050787641&amp;type=1\"><img loading=\"lazy\" decoding=\"async\" aria-describedby=\"caption-attachment-2840\" class=\"size-medium wp-image-2840\" title=\"Ma\u0161kare pod Kali\u0161\u010dem\" src=\"https:\/\/kalisce.com\/blog\/wp-content\/uploads\/2013\/02\/IMG_9429-300x225.jpg\" alt=\"Ma\u0161kare pod Kali\u0161\u010dem\" width=\"300\" height=\"225\" srcset=\"https:\/\/kalisce.com\/blog\/wp-content\/uploads\/2013\/02\/IMG_9429-300x225.jpg 300w, https:\/\/kalisce.com\/blog\/wp-content\/uploads\/2013\/02\/IMG_9429-150x112.jpg 150w, https:\/\/kalisce.com\/blog\/wp-content\/uploads\/2013\/02\/IMG_9429.jpg 960w\" sizes=\"(max-width: 300px) 100vw, 300px\" \/><\/a><p id=\"caption-attachment-2840\" class=\"wp-caption-text\">Ma\u0161kare pod Kali\u0161\u010dem<\/p><\/div>\n<p>Podalj\u0161an vikend je bil pester. Nekateri so v petek <strong><a href=\"https:\/\/kalisce.com\/blog\/wp-content\/uploads\/2013\/02\/jans.jpg\">protestirali v Ljubljani<\/a><\/strong>, nekateri so tekli (hodili) <a href=\"http:\/\/www.klub-trmastih.si\/\"><strong>okrog Vrbe<\/strong><\/a>, nekateri pa so \u0161li na <strong>Kali\u0161\u010de<\/strong>, malokateri pa so \u0161li v ma\u0161kare \ud83d\ude09<\/p>\n<p>Vreme je bilo lepo, zimsko.<\/p>\n<p><strong>Zimska liga<\/strong> je pred zaklju\u010dkom. V nedeljo bo \u0161e zadnji tek okrog Brda. Vabljeni na likof \u2757<\/p>\n<p><strong><a href=\"http:\/\/www.facebook.com\/media\/set\/?set=a.10151503886972642.561032.240050787641&amp;type=1\">Galerija<\/a> &#8211; foto Meri in jest<\/strong><\/p>\n<p><strong><a href=\"https:\/\/kalisce.com\/blog\/zimska-liga\/\">Zimska liga<\/a>\u00a0&#8211; Mohor \u2013\u00a0<strong><strong><strong><strong><strong><strong><strong><strong><strong><strong><strong><strong><strong><strong><strong><strong><strong><strong><strong><strong><strong><strong><strong><strong><a href=\"https:\/\/kalisce.com\/blog\/wp-content\/uploads\/2013\/02\/mohor14.pdf\">rezultati<\/a>\u00a0&#8211;\u00a0<a href=\"http:\/\/www.facebook.com\/media\/set\/?set=a.10151503901862642.561036.240050787641&amp;type=1\">foto<\/a>\u00a0&#8211; Udovi\u010d<\/strong><\/strong><\/strong><\/strong><\/strong><\/strong><\/strong><\/strong><\/strong><\/strong><\/strong><\/strong><\/strong><\/strong><\/strong><\/strong><\/strong><\/strong><\/strong><\/strong><\/strong><\/strong><\/strong><\/strong><\/strong><\/p>\n","protected":false},"excerpt":{"rendered":"<p>Podalj\u0161an vikend je bil pester. Nekateri so v petek protestirali v Ljubljani, nekateri so tekli (hodili) okrog Vrbe, nekateri pa so \u0161li na Kali\u0161\u010de, malokateri pa so \u0161li v ma\u0161kare \ud83d\ude09 Vreme je bilo lepo, zimsko. Zimska liga je pred zaklju\u010dkom. V nedeljo bo \u0161e zadnji tek okrog Brda. Vabljeni na likof \u2757 Galerija &#8211; [&hellip;]<\/p>\n","protected":false},"author":2,"featured_media":0,"comment_status":"open","ping_status":"open","sticky":false,"template":"","format":"standard","meta":{"footnotes":""},"categories":[9],"tags":[],"_links":{"self":[{"href":"https:\/\/kalisce.com\/blog\/wp-json\/wp\/v2\/posts\/2839"}],"collection":[{"href":"https:\/\/kalisce.com\/blog\/wp-json\/wp\/v2\/posts"}],"about":[{"href":"https:\/\/kalisce.com\/blog\/wp-json\/wp\/v2\/types\/post"}],"author":[{"embeddable":true,"href":"https:\/\/kalisce.com\/blog\/wp-json\/wp\/v2\/users\/2"}],"replies":[{"embeddable":true,"href":"https:\/\/kalisce.com\/blog\/wp-json\/wp\/v2\/comments?post=2839"}],"version-history":[{"count":7,"href":"https:\/\/kalisce.com\/blog\/wp-json\/wp\/v2\/posts\/2839\/revisions"}],"predecessor-version":[{"id":2842,"href":"https:\/\/kalisce.com\/blog\/wp-json\/wp\/v2\/posts\/2839\/revisions\/2842"}],"wp:attachment":[{"href":"https:\/\/kalisce.com\/blog\/wp-json\/wp\/v2\/media?parent=2839"}],"wp:term":[{"taxonomy":"category","embeddable":true,"href":"https:\/\/kalisce.com\/blog\/wp-json\/wp\/v2\/categories?post=2839"},{"taxonomy":"post_tag","embeddable":true,"href":"https:\/\/kalisce.com\/blog\/wp-json\/wp\/v2\/tags?post=2839"}],"curies":[{"name":"wp","href":"https:\/\/api.w.org\/{rel}","templated":true}]}}