{"id":300,"date":"2008-11-24T15:27:14","date_gmt":"2008-11-24T13:27:14","guid":{"rendered":"http:\/\/kalisce.com\/blog\/?p=300"},"modified":"2008-11-24T17:20:56","modified_gmt":"2008-11-24T15:20:56","slug":"sneg-in-mrazzzzzzzzz","status":"publish","type":"post","link":"https:\/\/kalisce.com\/blog\/2008\/11\/24\/sneg-in-mrazzzzzzzzz\/","title":{"rendered":"Sneg in mrazzzzzzzzz!"},"content":{"rendered":"<p><a href=\"https:\/\/kalisce.com\/blog\/foto\/2008\/081123\/index.html\"><img loading=\"lazy\" decoding=\"async\" class=\"alignleft size-full wp-image-301\" title=\"Na Stor\u017ei\u010du v nedeljo\" src=\"https:\/\/kalisce.com\/blog\/wp-content\/uploads\/2008\/11\/23112008303.jpg\" alt=\"\" width=\"350\" height=\"263\" srcset=\"https:\/\/kalisce.com\/blog\/wp-content\/uploads\/2008\/11\/23112008303.jpg 350w, https:\/\/kalisce.com\/blog\/wp-content\/uploads\/2008\/11\/23112008303-150x112.jpg 150w, https:\/\/kalisce.com\/blog\/wp-content\/uploads\/2008\/11\/23112008303-300x225.jpg 300w\" sizes=\"(max-width: 350px) 100vw, 350px\" \/><\/a>Pa smo jo do\u010dakali &#8211; zimo! V petek zve\u010der je <strong>VETER <\/strong>bajto za pol metra prestavil proti jugu! Snega je sicer samo za vzorec, ampak belo pa je.<br \/>\nSeveda smo imeli spet \u010dudovite son\u010dne vzhode in zahode, v soboto \u010dez dan pa je bilo ve\u010d sne\u017enih ploh. V nekaj minutah se je lepo son\u010dno vreme spremenilo v pravi zimski mete\u017e, potem pa spet nazaj. Zve\u010der se je ozra\u010dje umirilo in pripravila se je \u017ee osma son\u010dna nedelja po vrsti. Obiskovalcev je bilo spet standardno veliko pa \u010deprav je bilo zjutraj rahlo vetrovno pri <strong>minus 9\u00b0C<\/strong>.<\/p>\n<p>Tokrat je v <a href=\"https:\/\/kalisce.com\/blog\/foto\/2008\/081123\/index.html\"><strong>galeriji <\/strong><\/a>tudi nekaj utrinkov z<a href=\"https:\/\/kalisce.com\/blog\/zimska-liga\/\"><strong> zimske lige<\/strong><\/a> (<strong>Ivan <\/strong>je samo navijal), nekaj sre\u010dne\u017eev pa se je povzpelo na Stor\u017ei\u010d in u\u017eivalo v izrednem razgledu.<\/p>\n<p>\u0160e statistika:<br \/>\n&#8211; imamo \u017ee 254 &#8220;pla\u010danih&#8221; KLJUK, od tega kar 59 novih<br \/>\n&#8211; povpre\u010den obisk je cca. 163 KLJUK na dan<br \/>\n&#8211; po osmih vikendih ima \u0161e 41 KLJUK vse vpise<\/p>\n<p><a href=\"https:\/\/kalisce.com\/blog\/foto\/2008\/081123\/index.html\"><strong>Galerija<\/strong><\/a><\/p>\n<p><strong><a href=\"https:\/\/kalisce.com\/blog\/vpisi\/2008\/081123.pdf\"><strong>Seznam vpisanih KLJUK &#8211; 23.11.2008<\/strong><\/a><\/strong><\/p>\n","protected":false},"excerpt":{"rendered":"<p>Pa smo jo do\u010dakali &#8211; zimo! V petek zve\u010der je VETER bajto za pol metra prestavil proti jugu! Snega je sicer samo za vzorec, ampak belo pa je. Seveda smo imeli spet \u010dudovite son\u010dne vzhode in zahode, v soboto \u010dez dan pa je bilo ve\u010d sne\u017enih ploh. V nekaj minutah se je lepo son\u010dno vreme [&hellip;]<\/p>\n","protected":false},"author":2,"featured_media":0,"comment_status":"open","ping_status":"open","sticky":false,"template":"","format":"standard","meta":{"footnotes":""},"categories":[9,8],"tags":[],"_links":{"self":[{"href":"https:\/\/kalisce.com\/blog\/wp-json\/wp\/v2\/posts\/300"}],"collection":[{"href":"https:\/\/kalisce.com\/blog\/wp-json\/wp\/v2\/posts"}],"about":[{"href":"https:\/\/kalisce.com\/blog\/wp-json\/wp\/v2\/types\/post"}],"author":[{"embeddable":true,"href":"https:\/\/kalisce.com\/blog\/wp-json\/wp\/v2\/users\/2"}],"replies":[{"embeddable":true,"href":"https:\/\/kalisce.com\/blog\/wp-json\/wp\/v2\/comments?post=300"}],"version-history":[{"count":8,"href":"https:\/\/kalisce.com\/blog\/wp-json\/wp\/v2\/posts\/300\/revisions"}],"predecessor-version":[{"id":307,"href":"https:\/\/kalisce.com\/blog\/wp-json\/wp\/v2\/posts\/300\/revisions\/307"}],"wp:attachment":[{"href":"https:\/\/kalisce.com\/blog\/wp-json\/wp\/v2\/media?parent=300"}],"wp:term":[{"taxonomy":"category","embeddable":true,"href":"https:\/\/kalisce.com\/blog\/wp-json\/wp\/v2\/categories?post=300"},{"taxonomy":"post_tag","embeddable":true,"href":"https:\/\/kalisce.com\/blog\/wp-json\/wp\/v2\/tags?post=300"}],"curies":[{"name":"wp","href":"https:\/\/api.w.org\/{rel}","templated":true}]}}