{"id":3052,"date":"2013-05-08T19:41:50","date_gmt":"2013-05-08T18:41:50","guid":{"rendered":"http:\/\/kalisce.com\/blog\/?p=3052"},"modified":"2013-05-08T20:17:31","modified_gmt":"2013-05-08T19:17:31","slug":"obvestilo","status":"publish","type":"post","link":"https:\/\/kalisce.com\/blog\/2013\/05\/08\/obvestilo\/","title":{"rendered":"OBVESTILO!"},"content":{"rendered":"<div id=\"attachment_3053\" style=\"width: 310px\" class=\"wp-caption alignleft\"><a href=\"https:\/\/kalisce.com\/blog\/wp-content\/uploads\/2013\/05\/IMG_8733.jpg\"><img loading=\"lazy\" decoding=\"async\" aria-describedby=\"caption-attachment-3053\" class=\"size-medium wp-image-3053\" title=\"Ko\u010da na Kali\u0161\u010du\" src=\"https:\/\/kalisce.com\/blog\/wp-content\/uploads\/2013\/05\/IMG_8733-300x225.jpg\" alt=\"Ko\u010da na Kali\u0161\u010du\" width=\"300\" height=\"225\" srcset=\"https:\/\/kalisce.com\/blog\/wp-content\/uploads\/2013\/05\/IMG_8733-300x225.jpg 300w, https:\/\/kalisce.com\/blog\/wp-content\/uploads\/2013\/05\/IMG_8733-150x112.jpg 150w, https:\/\/kalisce.com\/blog\/wp-content\/uploads\/2013\/05\/IMG_8733.jpg 960w\" sizes=\"(max-width: 300px) 100vw, 300px\" \/><\/a><p id=\"caption-attachment-3053\" class=\"wp-caption-text\">Ko\u010da na Kali\u0161\u010du<\/p><\/div>\n<p><span style=\"color: #ff0000;\"><strong>OZNANILO!<\/strong><\/span><\/p>\n<p><span style=\"color: #ff0000;\"><strong>Zaklju\u010dna veselica za KLJUKE je zaradi vremenskih razmer prestavljena na nedeljo!<\/strong><\/span><\/p>\n<p><span style=\"color: #ff0000;\"><strong>Vabljeni na Kali\u0161\u010de v nedeljo, 12. maja 2013!<\/strong><\/span><\/p>\n<p><span style=\"color: #ff0000;\"><strong>Za\u010detek uradnega programa bo ob 10-ih!<\/strong><\/span><\/p>\n<p><span style=\"color: #ff0000;\"><strong>Zbor za skupinski pohod bo ob 7-ih na parkiri\u0161\u010du v Ma\u010dah.<\/strong><\/span><\/p>\n<p><strong>Prosim, da obvestite \u0161e tiste, ki niso povezani s svetom <img src=\"https:\/\/kalisce.com\/blog\/wp-includes\/images\/smilies\/mrgreen.png\" alt=\":mrgreen:\" class=\"wp-smiley\" style=\"height: 1em; max-height: 1em;\" \/><\/strong><\/p>\n<p><strong> Hvala!<\/strong><\/p>\n","protected":false},"excerpt":{"rendered":"<p>OZNANILO! Zaklju\u010dna veselica za KLJUKE je zaradi vremenskih razmer prestavljena na nedeljo! Vabljeni na Kali\u0161\u010de v nedeljo, 12. maja 2013! Za\u010detek uradnega programa bo ob 10-ih! Zbor za skupinski pohod bo ob 7-ih na parkiri\u0161\u010du v Ma\u010dah. Prosim, da obvestite \u0161e tiste, ki niso povezani s svetom Hvala!<\/p>\n","protected":false},"author":2,"featured_media":0,"comment_status":"open","ping_status":"open","sticky":false,"template":"","format":"standard","meta":{"footnotes":""},"categories":[8,5],"tags":[],"_links":{"self":[{"href":"https:\/\/kalisce.com\/blog\/wp-json\/wp\/v2\/posts\/3052"}],"collection":[{"href":"https:\/\/kalisce.com\/blog\/wp-json\/wp\/v2\/posts"}],"about":[{"href":"https:\/\/kalisce.com\/blog\/wp-json\/wp\/v2\/types\/post"}],"author":[{"embeddable":true,"href":"https:\/\/kalisce.com\/blog\/wp-json\/wp\/v2\/users\/2"}],"replies":[{"embeddable":true,"href":"https:\/\/kalisce.com\/blog\/wp-json\/wp\/v2\/comments?post=3052"}],"version-history":[{"count":4,"href":"https:\/\/kalisce.com\/blog\/wp-json\/wp\/v2\/posts\/3052\/revisions"}],"predecessor-version":[{"id":3055,"href":"https:\/\/kalisce.com\/blog\/wp-json\/wp\/v2\/posts\/3052\/revisions\/3055"}],"wp:attachment":[{"href":"https:\/\/kalisce.com\/blog\/wp-json\/wp\/v2\/media?parent=3052"}],"wp:term":[{"taxonomy":"category","embeddable":true,"href":"https:\/\/kalisce.com\/blog\/wp-json\/wp\/v2\/categories?post=3052"},{"taxonomy":"post_tag","embeddable":true,"href":"https:\/\/kalisce.com\/blog\/wp-json\/wp\/v2\/tags?post=3052"}],"curies":[{"name":"wp","href":"https:\/\/api.w.org\/{rel}","templated":true}]}}