{"id":3083,"date":"2013-06-02T19:19:33","date_gmt":"2013-06-02T18:19:33","guid":{"rendered":"http:\/\/kalisce.com\/blog\/?p=3083"},"modified":"2013-06-10T12:18:29","modified_gmt":"2013-06-10T11:18:29","slug":"vzdrzevalna-dela-na-kaliscu","status":"publish","type":"post","link":"https:\/\/kalisce.com\/blog\/2013\/06\/02\/vzdrzevalna-dela-na-kaliscu\/","title":{"rendered":"Vzdr\u017eevalna dela na Kali\u0161\u010du"},"content":{"rendered":"<div id=\"attachment_3084\" style=\"width: 310px\" class=\"wp-caption alignleft\"><a href=\"https:\/\/www.facebook.com\/media\/set\/?set=a.10151708249662642.1073741855.240050787641&amp;type=3\"><img loading=\"lazy\" decoding=\"async\" aria-describedby=\"caption-attachment-3084\" class=\"size-medium wp-image-3084\" title=\"Jedilnica &quot;di\u0161i&quot; po prahu, barvi, obnovi,...\" src=\"https:\/\/kalisce.com\/blog\/wp-content\/uploads\/2013\/06\/IMG_0415-300x225.jpg\" alt=\"Jedilnica &quot;di\u0161i&quot; po prahu, barvi, obnovi,...\" width=\"300\" height=\"225\" srcset=\"https:\/\/kalisce.com\/blog\/wp-content\/uploads\/2013\/06\/IMG_0415-300x225.jpg 300w, https:\/\/kalisce.com\/blog\/wp-content\/uploads\/2013\/06\/IMG_0415-150x112.jpg 150w, https:\/\/kalisce.com\/blog\/wp-content\/uploads\/2013\/06\/IMG_0415-1024x768.jpg 1024w, https:\/\/kalisce.com\/blog\/wp-content\/uploads\/2013\/06\/IMG_0415.jpg 1200w\" sizes=\"(max-width: 300px) 100vw, 300px\" \/><\/a><p id=\"caption-attachment-3084\" class=\"wp-caption-text\">Jedilnica &#8220;di\u0161i&#8221; po prahu, barvi, obnovi,&#8230;<\/p><\/div>\n<p>Zima se bo letos verjetno prevesila kar v jesen \u2757<br \/>\nV petek smo imeli spet po\u0161iljko snega.<\/p>\n<p>Jedilnica na Kali\u0161\u010du je trenutno spremenjena v plesi\u0161\u010de. Kon\u010dno imamo malo ve\u010d prostora. Ko bo akcija kon\u010dana, se bodo v prostor ponovno vrnile mize in stoli.<br \/>\nPoleg barvanja in beljenja v ko\u010di, so opravili tudi vzdr\u017eevalna dela na \u017ei\u010dnici, brez katere bi bili odrezani od pivovarn, &#8230;<\/p>\n<p><strong><a href=\"https:\/\/www.facebook.com\/media\/set\/?set=a.10151708249662642.1073741855.240050787641&amp;type=3\">Galerija<\/a>\u00a0&#8211; MI2 z Janezom<\/strong><\/p>\n<p><strong><a href=\"https:\/\/www.facebook.com\/media\/set\/?set=a.10151723977132642.1073741856.240050787641&amp;type=3\">Galerija<\/a> &#8211; Janez med ro\u017eicami, 8.6.2013<\/strong><\/p>\n<p>V soboto, 15.6.2013, se za\u010dne vpisovanje v <strong>poletno<\/strong> knjigo! Vabljeni!<\/p>\n","protected":false},"excerpt":{"rendered":"<p>Zima se bo letos verjetno prevesila kar v jesen \u2757 V petek smo imeli spet po\u0161iljko snega. Jedilnica na Kali\u0161\u010du je trenutno spremenjena v plesi\u0161\u010de. Kon\u010dno imamo malo ve\u010d prostora. Ko bo akcija kon\u010dana, se bodo v prostor ponovno vrnile mize in stoli. Poleg barvanja in beljenja v ko\u010di, so opravili tudi vzdr\u017eevalna dela na [&hellip;]<\/p>\n","protected":false},"author":2,"featured_media":0,"comment_status":"open","ping_status":"open","sticky":false,"template":"","format":"standard","meta":{"footnotes":""},"categories":[13,5],"tags":[],"_links":{"self":[{"href":"https:\/\/kalisce.com\/blog\/wp-json\/wp\/v2\/posts\/3083"}],"collection":[{"href":"https:\/\/kalisce.com\/blog\/wp-json\/wp\/v2\/posts"}],"about":[{"href":"https:\/\/kalisce.com\/blog\/wp-json\/wp\/v2\/types\/post"}],"author":[{"embeddable":true,"href":"https:\/\/kalisce.com\/blog\/wp-json\/wp\/v2\/users\/2"}],"replies":[{"embeddable":true,"href":"https:\/\/kalisce.com\/blog\/wp-json\/wp\/v2\/comments?post=3083"}],"version-history":[{"count":6,"href":"https:\/\/kalisce.com\/blog\/wp-json\/wp\/v2\/posts\/3083\/revisions"}],"predecessor-version":[{"id":3086,"href":"https:\/\/kalisce.com\/blog\/wp-json\/wp\/v2\/posts\/3083\/revisions\/3086"}],"wp:attachment":[{"href":"https:\/\/kalisce.com\/blog\/wp-json\/wp\/v2\/media?parent=3083"}],"wp:term":[{"taxonomy":"category","embeddable":true,"href":"https:\/\/kalisce.com\/blog\/wp-json\/wp\/v2\/categories?post=3083"},{"taxonomy":"post_tag","embeddable":true,"href":"https:\/\/kalisce.com\/blog\/wp-json\/wp\/v2\/tags?post=3083"}],"curies":[{"name":"wp","href":"https:\/\/api.w.org\/{rel}","templated":true}]}}