{"id":3092,"date":"2013-06-13T12:47:58","date_gmt":"2013-06-13T11:47:58","guid":{"rendered":"http:\/\/kalisce.com\/blog\/?p=3092"},"modified":"2013-06-13T12:47:58","modified_gmt":"2013-06-13T11:47:58","slug":"planinski-dan-varstva-narave","status":"publish","type":"post","link":"https:\/\/kalisce.com\/blog\/2013\/06\/13\/planinski-dan-varstva-narave\/","title":{"rendered":"Planinski dan varstva narave"},"content":{"rendered":"<div id=\"attachment_3094\" style=\"width: 310px\" class=\"wp-caption alignleft\"><a href=\"https:\/\/www.facebook.com\/media\/set\/?set=a.10151730082392642.1073741857.240050787641&amp;type=3\"><img loading=\"lazy\" decoding=\"async\" aria-describedby=\"caption-attachment-3094\" class=\"size-medium wp-image-3094\" title=\"Indija - foto Tanja Grmov\u0161ek\" src=\"https:\/\/kalisce.com\/blog\/wp-content\/uploads\/2013\/06\/Indija_Foto-Tanja-Grmov_ek01-300x225.jpg\" alt=\"Indija - foto Tanja Grmov\u0161ek\" width=\"300\" height=\"225\" srcset=\"https:\/\/kalisce.com\/blog\/wp-content\/uploads\/2013\/06\/Indija_Foto-Tanja-Grmov_ek01-300x225.jpg 300w, https:\/\/kalisce.com\/blog\/wp-content\/uploads\/2013\/06\/Indija_Foto-Tanja-Grmov_ek01-150x112.jpg 150w, https:\/\/kalisce.com\/blog\/wp-content\/uploads\/2013\/06\/Indija_Foto-Tanja-Grmov_ek01-1024x768.jpg 1024w, https:\/\/kalisce.com\/blog\/wp-content\/uploads\/2013\/06\/Indija_Foto-Tanja-Grmov_ek01.jpg 1200w\" sizes=\"(max-width: 300px) 100vw, 300px\" \/><\/a><p id=\"caption-attachment-3094\" class=\"wp-caption-text\">Indija &#8211; foto Tanja Grmov\u0161ek<\/p><\/div>\n<p><strong>Planinsko dru\u0161tvo Kranj<\/strong> tudi v leto\u0161njem letu nadaljuje tradicijo in ob otvoritvi poletne sezone Planinskega doma na Kali\u0161\u010du, organizira sre\u010danje Planinski dan varstva narave na Kali\u0161\u010du.<\/p>\n<p>Tokrat se bomo na Kali\u0161\u010du sre\u010dali <strong>v soboto, 15. junija, ob 10. uri.<\/strong> Po nekaj uvodnih besedah si bomo ogledali filma Manj je ve\u010d in Nikoli ne odnehaj, ki prikazujeta alpinisti\u010dne pustolov\u0161\u010dine <strong>vrhunskih alpinistov Andreja in Tanje Grmov\u0161ek.<\/strong> Ob zanimivem razmi\u0161ljanju o alpinizmu, odnosu do na narave in soljudi nas bosta popeljala med gorske <strong>vr\u0161ace Indije in Grenlandije.<\/strong><\/p>\n<p>Svetujemo, da do Kali\u0161\u010da dostopite s parkiri\u0161\u010da nad Ma\u010dami, saj boste po projekciji vabljeni, da se pridru\u017eite <strong>organizirani turi<\/strong>, ki bo s Kali\u0161\u010da vodila mimo Zaveti\u0161\u010da pod Hudi\u010devim bor\u0161tom v Zaplati nazaj do izhodi\u0161\u010da v Ma\u010dah.<\/p>\n<p><strong><a href=\"https:\/\/www.facebook.com\/media\/set\/?set=a.10151730082392642.1073741857.240050787641&amp;type=3\">Galerija<\/a> &#8211; foto Tanja in Andrej Grmov\u0161ek<\/strong><\/p>\n<p><a href=\"https:\/\/kalisce.com\/blog\/wp-content\/uploads\/2013\/06\/PLANINSKI-DAN-VARSTVA-NARAVE-NA-KALISCU1.pdf\"><strong>Vabilo<\/strong><\/a><\/p>\n","protected":false},"excerpt":{"rendered":"<p>Planinsko dru\u0161tvo Kranj tudi v leto\u0161njem letu nadaljuje tradicijo in ob otvoritvi poletne sezone Planinskega doma na Kali\u0161\u010du, organizira sre\u010danje Planinski dan varstva narave na Kali\u0161\u010du. Tokrat se bomo na Kali\u0161\u010du sre\u010dali v soboto, 15. junija, ob 10. uri. Po nekaj uvodnih besedah si bomo ogledali filma Manj je ve\u010d in Nikoli ne odnehaj, ki [&hellip;]<\/p>\n","protected":false},"author":2,"featured_media":0,"comment_status":"open","ping_status":"open","sticky":false,"template":"","format":"standard","meta":{"footnotes":""},"categories":[5],"tags":[],"_links":{"self":[{"href":"https:\/\/kalisce.com\/blog\/wp-json\/wp\/v2\/posts\/3092"}],"collection":[{"href":"https:\/\/kalisce.com\/blog\/wp-json\/wp\/v2\/posts"}],"about":[{"href":"https:\/\/kalisce.com\/blog\/wp-json\/wp\/v2\/types\/post"}],"author":[{"embeddable":true,"href":"https:\/\/kalisce.com\/blog\/wp-json\/wp\/v2\/users\/2"}],"replies":[{"embeddable":true,"href":"https:\/\/kalisce.com\/blog\/wp-json\/wp\/v2\/comments?post=3092"}],"version-history":[{"count":2,"href":"https:\/\/kalisce.com\/blog\/wp-json\/wp\/v2\/posts\/3092\/revisions"}],"predecessor-version":[{"id":3097,"href":"https:\/\/kalisce.com\/blog\/wp-json\/wp\/v2\/posts\/3092\/revisions\/3097"}],"wp:attachment":[{"href":"https:\/\/kalisce.com\/blog\/wp-json\/wp\/v2\/media?parent=3092"}],"wp:term":[{"taxonomy":"category","embeddable":true,"href":"https:\/\/kalisce.com\/blog\/wp-json\/wp\/v2\/categories?post=3092"},{"taxonomy":"post_tag","embeddable":true,"href":"https:\/\/kalisce.com\/blog\/wp-json\/wp\/v2\/tags?post=3092"}],"curies":[{"name":"wp","href":"https:\/\/api.w.org\/{rel}","templated":true}]}}