{"id":3107,"date":"2013-06-22T14:32:05","date_gmt":"2013-06-22T13:32:05","guid":{"rendered":"http:\/\/kalisce.com\/blog\/?p=3107"},"modified":"2013-08-13T20:08:02","modified_gmt":"2013-08-13T19:08:02","slug":"foto-ekipa-kalisca-com-na-vrhu","status":"publish","type":"post","link":"https:\/\/kalisce.com\/blog\/2013\/06\/22\/foto-ekipa-kalisca-com-na-vrhu\/","title":{"rendered":"Foto ekipa kalisca.com  na vrhu"},"content":{"rendered":"<div id=\"attachment_3108\" style=\"width: 310px\" class=\"wp-caption alignleft\"><a href=\"https:\/\/www.facebook.com\/media\/set\/?set=a.10151748560347642.1073741860.240050787641&amp;type=1\"><img loading=\"lazy\" decoding=\"async\" aria-describedby=\"caption-attachment-3108\" class=\"size-medium wp-image-3108 \" title=\"Janez v akciji\" alt=\"Janez v akciji\" src=\"https:\/\/kalisce.com\/blog\/wp-content\/uploads\/2013\/06\/IMG_0608-300x225.jpg\" width=\"300\" height=\"225\" srcset=\"https:\/\/kalisce.com\/blog\/wp-content\/uploads\/2013\/06\/IMG_0608-300x225.jpg 300w, https:\/\/kalisce.com\/blog\/wp-content\/uploads\/2013\/06\/IMG_0608-150x112.jpg 150w, https:\/\/kalisce.com\/blog\/wp-content\/uploads\/2013\/06\/IMG_0608-1024x768.jpg 1024w, https:\/\/kalisce.com\/blog\/wp-content\/uploads\/2013\/06\/IMG_0608.jpg 1200w\" sizes=\"(max-width: 300px) 100vw, 300px\" \/><\/a><p id=\"caption-attachment-3108\" class=\"wp-caption-text\">Janez v akciji<\/p><\/div>\n<p>V soboto, ko je bila luna najve\u010dja, hkrati pa no\u010d najkraj\u0161a in dan najdalj\u0161i, smo \u0161li vsi trije &#8220;fotografi&#8221; \u010dakat sonce na hi\u0161no goro. Odprava je bila uspe\u0161na \ud83d\ude42<\/p>\n<p><strong><a href=\"https:\/\/www.facebook.com\/media\/set\/?set=a.10151748560347642.1073741860.240050787641&amp;type=1\">Galerija<\/a>\u00a0&#8211; Stor\u017ei\u010d<\/strong><\/p>\n<p><strong><a href=\"https:\/\/www.facebook.com\/media\/set\/?set=a.10151749309837642.1073741861.240050787641&amp;type=3\">Triglav<\/a>, 22.6.2013<\/strong><\/p>\n<p><strong><a href=\"https:\/\/www.facebook.com\/media\/set\/?set=a.10151750623827642.1073741862.240050787641&amp;type=3\">Olimpijski tek<\/a> &#8211; Gorenjski pokal, 23. junij 2013<\/strong><\/p>\n<p><strong><a href=\"https:\/\/www.facebook.com\/media\/set\/?set=a.10151757025167642.1073741863.240050787641&amp;type=3\">Kali\u0161\u010de za praznik<\/a> &#8211; Janez<\/strong><\/p>\n<p><strong><a href=\"https:\/\/www.facebook.com\/media\/set\/?set=a.10151764766227642.1073741864.240050787641&amp;type=3\">Koncert na Ledinah<\/a>, 29.6.2013 &#8211; Meri<\/strong><\/p>\n<p><strong><a href=\"https:\/\/www.facebook.com\/media\/set\/?set=a.10151764794292642.1073741865.240050787641&amp;type=3\">Tekma za SP v padalstvu, Lesce<\/a>, 30.6.2013<\/strong><\/p>\n<p><strong><a href=\"https:\/\/www.facebook.com\/media\/set\/?set=a.10151766786197642.1073741868.240050787641&amp;type=3\">Zadnji junijski vikend<\/a> &#8211; Janez<\/strong><\/p>\n<p><strong><a href=\"https:\/\/kalisce.com\/blog\/wp-content\/uploads\/2013\/06\/vpisi020713.pdf\">Prvi vmesni rezultati <\/a>&#8211; poletni vpisi do 2.7.2013<\/strong><\/p>\n","protected":false},"excerpt":{"rendered":"<p>V soboto, ko je bila luna najve\u010dja, hkrati pa no\u010d najkraj\u0161a in dan najdalj\u0161i, smo \u0161li vsi trije &#8220;fotografi&#8221; \u010dakat sonce na hi\u0161no goro. Odprava je bila uspe\u0161na \ud83d\ude42 Galerija\u00a0&#8211; Stor\u017ei\u010d Triglav, 22.6.2013 Olimpijski tek &#8211; Gorenjski pokal, 23. junij 2013 Kali\u0161\u010de za praznik &#8211; Janez Koncert na Ledinah, 29.6.2013 &#8211; Meri Tekma za SP [&hellip;]<\/p>\n","protected":false},"author":2,"featured_media":0,"comment_status":"open","ping_status":"open","sticky":false,"template":"","format":"standard","meta":{"footnotes":""},"categories":[9,5],"tags":[],"_links":{"self":[{"href":"https:\/\/kalisce.com\/blog\/wp-json\/wp\/v2\/posts\/3107"}],"collection":[{"href":"https:\/\/kalisce.com\/blog\/wp-json\/wp\/v2\/posts"}],"about":[{"href":"https:\/\/kalisce.com\/blog\/wp-json\/wp\/v2\/types\/post"}],"author":[{"embeddable":true,"href":"https:\/\/kalisce.com\/blog\/wp-json\/wp\/v2\/users\/2"}],"replies":[{"embeddable":true,"href":"https:\/\/kalisce.com\/blog\/wp-json\/wp\/v2\/comments?post=3107"}],"version-history":[{"count":10,"href":"https:\/\/kalisce.com\/blog\/wp-json\/wp\/v2\/posts\/3107\/revisions"}],"predecessor-version":[{"id":3110,"href":"https:\/\/kalisce.com\/blog\/wp-json\/wp\/v2\/posts\/3107\/revisions\/3110"}],"wp:attachment":[{"href":"https:\/\/kalisce.com\/blog\/wp-json\/wp\/v2\/media?parent=3107"}],"wp:term":[{"taxonomy":"category","embeddable":true,"href":"https:\/\/kalisce.com\/blog\/wp-json\/wp\/v2\/categories?post=3107"},{"taxonomy":"post_tag","embeddable":true,"href":"https:\/\/kalisce.com\/blog\/wp-json\/wp\/v2\/tags?post=3107"}],"curies":[{"name":"wp","href":"https:\/\/api.w.org\/{rel}","templated":true}]}}