{"id":3256,"date":"2013-11-10T13:22:10","date_gmt":"2013-11-10T12:22:10","guid":{"rendered":"http:\/\/kalisce.com\/blog\/?p=3256"},"modified":"2013-11-15T12:40:41","modified_gmt":"2013-11-15T11:40:41","slug":"start-zimske-lige","status":"publish","type":"post","link":"https:\/\/kalisce.com\/blog\/2013\/11\/10\/start-zimske-lige\/","title":{"rendered":"\u0160tart zimske lige"},"content":{"rendered":"<div id=\"attachment_3257\" style=\"width: 310px\" class=\"wp-caption alignleft\"><a href=\"https:\/\/www.facebook.com\/media\/set\/?set=a.10152078601402642.1073741902.240050787641&amp;type=1\"><img loading=\"lazy\" decoding=\"async\" aria-describedby=\"caption-attachment-3257\" class=\"size-medium wp-image-3257\" title=\"Sneg! Zima je tu! Pa \u0161e kaj drugega ...\" alt=\"Sneg! Zima je tu! Pa \u0161e kaj drugega ...\" src=\"https:\/\/kalisce.com\/blog\/wp-content\/uploads\/2013\/11\/IMG_6929-300x225.jpg\" width=\"300\" height=\"225\" srcset=\"https:\/\/kalisce.com\/blog\/wp-content\/uploads\/2013\/11\/IMG_6929-300x225.jpg 300w, https:\/\/kalisce.com\/blog\/wp-content\/uploads\/2013\/11\/IMG_6929-150x112.jpg 150w, https:\/\/kalisce.com\/blog\/wp-content\/uploads\/2013\/11\/IMG_6929-1024x768.jpg 1024w, https:\/\/kalisce.com\/blog\/wp-content\/uploads\/2013\/11\/IMG_6929.jpg 1200w\" sizes=\"(max-width: 300px) 100vw, 300px\" \/><\/a><p id=\"caption-attachment-3257\" class=\"wp-caption-text\">Sneg! Zima je tu! Pa \u0161e kaj drugega &#8230;<\/p><\/div>\n<p>Imeli smo veliko de\u017eja, na koncu pa \u0161e malo snega &#8211; blata za izvoz \ud83d\ude42 \u0161e najve\u010d pa okrog nove ceste. Asfalt \u2753<\/p>\n<p>Za\u010dela se je <a href=\"https:\/\/kalisce.com\/blog\/zimska-liga\/\"><strong>Kranjska zimska teka\u0161ka liga<\/strong><\/a> s prvo tekmo do Kali\u0161\u010da, katere se je udele\u017eilo veliko na\u0161ih vrhunskih teka\u010dev. Glede na pogoje so bili tudi dose\u017eeni \u010dasi vrhunski (glej <a href=\"https:\/\/kalisce.com\/blog\/wp-content\/uploads\/2013\/11\/zlka101113.pdf\"><strong>rezultate<\/strong><\/a>).<\/p>\n<p><strong>Tone<\/strong> je praznoval <strong>800<\/strong> uradnih vpisov v knjigo \u2757 \u010cestitke \u2757<\/p>\n<p><strong><a href=\"https:\/\/kalisce.com\/blog\/wp-content\/uploads\/2013\/11\/zlka101113.pdf\">Rezultati\u00a0<\/a>&#8211; 1. tekma zimske lige<a href=\"https:\/\/kalisce.com\/blog\/wp-content\/uploads\/2013\/11\/zlka101113.pdf\"><br \/>\n<\/a><\/strong><\/p>\n<p><strong><a href=\"https:\/\/www.facebook.com\/media\/set\/?set=a.10152078601402642.1073741902.240050787641&amp;type=1\">Galerija\u00a0I<\/a> &#8211; zimska liga<\/strong><\/p>\n<p><strong><a href=\"https:\/\/www.facebook.com\/vilko.bozic\/media_set?set=a.593615934019485.1073741826.100001132508609&amp;type=1\">Galerija II<\/a> &#8211; zimska liga &#8211; foto Jana<\/strong><\/p>\n<p><strong><a href=\"https:\/\/www.facebook.com\/media\/set\/?set=a.10152078610422642.1073741903.240050787641&amp;type=1\">Galerija\u00a0III<\/a> &#8211; foto Andrej<\/strong><\/p>\n<p><strong><a href=\"https:\/\/www.facebook.com\/media\/set\/?set=a.10152079436272642.1073741904.240050787641&amp;type=1\">Galerija IIII<\/a> &#8211; foto Janez<\/strong><\/p>\n<p>P.S.\u00a0Danes, 10.11.2013, minevajo \u0161tiri leta od smrti <strong>Toma\u017ea Humarja<\/strong>, vrhunskega alpinista, ki je zaradi po\u0161kodb in ozeblin umrl v steni Langtang Lirunga.<\/p>\n<p><a href=\"http:\/\/youtu.be\/urXzusrYo3s\"><strong>Film<\/strong> <\/a>&#8211; <strong>ko je bil Toma\u017e med nami<\/strong><\/p>\n<p><strong><a href=\"https:\/\/kalisce.com\/blog\/wp-content\/uploads\/2013\/11\/kljuke101113p.pdf\">KLJUKA &#8211; vpisi do 10.11.2013<\/a> &#8211; sporo\u010dite, \u010de ni kaj jasno<\/strong> \u2757<a href=\"https:\/\/kalisce.com\/blog\/wp-content\/uploads\/2013\/11\/kljuke101113.pdf\"><br \/>\n<\/a><\/p>\n","protected":false},"excerpt":{"rendered":"<p>Imeli smo veliko de\u017eja, na koncu pa \u0161e malo snega &#8211; blata za izvoz \ud83d\ude42 \u0161e najve\u010d pa okrog nove ceste. Asfalt \u2753 Za\u010dela se je Kranjska zimska teka\u0161ka liga s prvo tekmo do Kali\u0161\u010da, katere se je udele\u017eilo veliko na\u0161ih vrhunskih teka\u010dev. Glede na pogoje so bili tudi dose\u017eeni \u010dasi vrhunski (glej rezultate). Tone [&hellip;]<\/p>\n","protected":false},"author":2,"featured_media":0,"comment_status":"open","ping_status":"open","sticky":false,"template":"","format":"standard","meta":{"footnotes":""},"categories":[9,7],"tags":[],"_links":{"self":[{"href":"https:\/\/kalisce.com\/blog\/wp-json\/wp\/v2\/posts\/3256"}],"collection":[{"href":"https:\/\/kalisce.com\/blog\/wp-json\/wp\/v2\/posts"}],"about":[{"href":"https:\/\/kalisce.com\/blog\/wp-json\/wp\/v2\/types\/post"}],"author":[{"embeddable":true,"href":"https:\/\/kalisce.com\/blog\/wp-json\/wp\/v2\/users\/2"}],"replies":[{"embeddable":true,"href":"https:\/\/kalisce.com\/blog\/wp-json\/wp\/v2\/comments?post=3256"}],"version-history":[{"count":18,"href":"https:\/\/kalisce.com\/blog\/wp-json\/wp\/v2\/posts\/3256\/revisions"}],"predecessor-version":[{"id":3259,"href":"https:\/\/kalisce.com\/blog\/wp-json\/wp\/v2\/posts\/3256\/revisions\/3259"}],"wp:attachment":[{"href":"https:\/\/kalisce.com\/blog\/wp-json\/wp\/v2\/media?parent=3256"}],"wp:term":[{"taxonomy":"category","embeddable":true,"href":"https:\/\/kalisce.com\/blog\/wp-json\/wp\/v2\/categories?post=3256"},{"taxonomy":"post_tag","embeddable":true,"href":"https:\/\/kalisce.com\/blog\/wp-json\/wp\/v2\/tags?post=3256"}],"curies":[{"name":"wp","href":"https:\/\/api.w.org\/{rel}","templated":true}]}}