{"id":3549,"date":"2014-03-09T20:04:24","date_gmt":"2014-03-09T19:04:24","guid":{"rendered":"http:\/\/kalisce.com\/blog\/?p=3549"},"modified":"2014-03-11T12:30:22","modified_gmt":"2014-03-11T11:30:22","slug":"8-marec-dan-zena-2","status":"publish","type":"post","link":"https:\/\/kalisce.com\/blog\/2014\/03\/09\/8-marec-dan-zena-2\/","title":{"rendered":"8. marec, dan \u017eena :)"},"content":{"rendered":"<div id=\"attachment_3550\" style=\"width: 310px\" class=\"wp-caption alignleft\"><a href=\"https:\/\/www.facebook.com\/media\/set\/?set=a.10152347916602642.1073741946.240050787641&amp;type=1\"><img loading=\"lazy\" decoding=\"async\" aria-describedby=\"caption-attachment-3550\" class=\"size-medium wp-image-3550\" title=\"Zasne\u017een kri\u017e na Stor\u017ei\u010du\" alt=\"Zasne\u017een kri\u017e na Stor\u017ei\u010du\" src=\"https:\/\/kalisce.com\/blog\/wp-content\/uploads\/2014\/03\/IMG_5249-300x224.jpg\" width=\"300\" height=\"224\" srcset=\"https:\/\/kalisce.com\/blog\/wp-content\/uploads\/2014\/03\/IMG_5249-300x224.jpg 300w, https:\/\/kalisce.com\/blog\/wp-content\/uploads\/2014\/03\/IMG_5249-150x112.jpg 150w, https:\/\/kalisce.com\/blog\/wp-content\/uploads\/2014\/03\/IMG_5249-1024x767.jpg 1024w, https:\/\/kalisce.com\/blog\/wp-content\/uploads\/2014\/03\/IMG_5249.jpg 1690w\" sizes=\"(max-width: 300px) 100vw, 300px\" \/><\/a><p id=\"caption-attachment-3550\" class=\"wp-caption-text\">Zasne\u017een kri\u017e na Stor\u017ei\u010du<\/p><\/div>\n<p>Tole sem nekje prebral &#8211; velja tudi za dekleta:<br \/>\n<span style=\"color: #ff0000;\"><em>Sne\u017ene krpe so \u017ee redke,<\/em><\/span><br \/>\n<span style=\"color: #ff0000;\"><em>le v gorah se sneg iskri,<\/em><\/span><br \/>\n<span style=\"color: #ff0000;\"><em>prvi teloh sonca i\u0161\u010de,<\/em><\/span><br \/>\n<span style=\"color: #ff0000;\"><em>marca se pomlad rodi.<\/em><\/span><\/p>\n<p><span style=\"color: #ff0000;\"><em>Cicibani pa \u017eelimo<\/em><\/span><br \/>\n<span style=\"color: #ff0000;\"><em>svojim mamam iz srca,<\/em><\/span><br \/>\n<span style=\"color: #ff0000;\"><em>da bi sre\u010dno praznovale<\/em><\/span><br \/>\n<span style=\"color: #ff0000;\"><em>osmi marec, dan \u017eena<\/em><\/span>.<\/p>\n<p>Pomlad je pri\u0161la na glavna vrata \ud83d\ude42 Pust je dobro opravil svoje poslanstvo.<\/p>\n<p>Za Kljukami je \u017ee 51. vpis, do konca sezone jih je ostalo le \u0161e 13!<\/p>\n<p><strong>Janez<\/strong> je v megli iskal Srednji vrh, v nedeljo pa po dalj\u0161em \u010dasu spet stal na hi\u0161nem hribu in dokumentiral zasne\u017eeni kri\u017e. V visokih hribih je \u0161e zima \u2757<\/p>\n<p><strong><a href=\"https:\/\/www.facebook.com\/media\/set\/?set=a.10152347916602642.1073741946.240050787641&amp;type=1\">Galerija <\/a>&#8211; Janez<\/strong><\/p>\n<p><strong><a href=\"https:\/\/kalisce.com\/blog\/wp-content\/uploads\/2014\/03\/vp090314.pdf\">KLJUKE &#8211; vpisi do 9. marca 2014<\/a><a href=\"https:\/\/kalisce.com\/blog\/wp-content\/uploads\/2014\/03\/vp090314.pdf\"><br \/>\n<\/a><\/strong><\/p>\n","protected":false},"excerpt":{"rendered":"<p>Tole sem nekje prebral &#8211; velja tudi za dekleta: Sne\u017ene krpe so \u017ee redke, le v gorah se sneg iskri, prvi teloh sonca i\u0161\u010de, marca se pomlad rodi. Cicibani pa \u017eelimo svojim mamam iz srca, da bi sre\u010dno praznovale osmi marec, dan \u017eena. Pomlad je pri\u0161la na glavna vrata \ud83d\ude42 Pust je dobro opravil svoje [&hellip;]<\/p>\n","protected":false},"author":2,"featured_media":0,"comment_status":"open","ping_status":"open","sticky":false,"template":"","format":"standard","meta":{"footnotes":""},"categories":[9,5],"tags":[],"_links":{"self":[{"href":"https:\/\/kalisce.com\/blog\/wp-json\/wp\/v2\/posts\/3549"}],"collection":[{"href":"https:\/\/kalisce.com\/blog\/wp-json\/wp\/v2\/posts"}],"about":[{"href":"https:\/\/kalisce.com\/blog\/wp-json\/wp\/v2\/types\/post"}],"author":[{"embeddable":true,"href":"https:\/\/kalisce.com\/blog\/wp-json\/wp\/v2\/users\/2"}],"replies":[{"embeddable":true,"href":"https:\/\/kalisce.com\/blog\/wp-json\/wp\/v2\/comments?post=3549"}],"version-history":[{"count":3,"href":"https:\/\/kalisce.com\/blog\/wp-json\/wp\/v2\/posts\/3549\/revisions"}],"predecessor-version":[{"id":3554,"href":"https:\/\/kalisce.com\/blog\/wp-json\/wp\/v2\/posts\/3549\/revisions\/3554"}],"wp:attachment":[{"href":"https:\/\/kalisce.com\/blog\/wp-json\/wp\/v2\/media?parent=3549"}],"wp:term":[{"taxonomy":"category","embeddable":true,"href":"https:\/\/kalisce.com\/blog\/wp-json\/wp\/v2\/categories?post=3549"},{"taxonomy":"post_tag","embeddable":true,"href":"https:\/\/kalisce.com\/blog\/wp-json\/wp\/v2\/tags?post=3549"}],"curies":[{"name":"wp","href":"https:\/\/api.w.org\/{rel}","templated":true}]}}