{"id":3556,"date":"2014-03-16T16:01:19","date_gmt":"2014-03-16T15:01:19","guid":{"rendered":"http:\/\/kalisce.com\/blog\/?p=3556"},"modified":"2014-03-18T14:23:31","modified_gmt":"2014-03-18T13:23:31","slug":"jozko-jih-ima-800","status":"publish","type":"post","link":"https:\/\/kalisce.com\/blog\/2014\/03\/16\/jozko-jih-ima-800\/","title":{"rendered":"Jo\u017eko jih ima 800"},"content":{"rendered":"<div id=\"attachment_3557\" style=\"width: 310px\" class=\"wp-caption alignleft\"><a href=\"https:\/\/www.facebook.com\/media\/set\/?set=a.10152361456772642.1073741948.240050787641&amp;type=1\"><img loading=\"lazy\" decoding=\"async\" aria-describedby=\"caption-attachment-3557\" class=\"size-medium wp-image-3557\" title=\"800 krat se je \u017ee vpisal v knjigo\" alt=\"800 krat se je \u017ee vpisal v knjigo\" src=\"https:\/\/kalisce.com\/blog\/wp-content\/uploads\/2014\/03\/IMG_5189-300x225.jpg\" width=\"300\" height=\"225\" srcset=\"https:\/\/kalisce.com\/blog\/wp-content\/uploads\/2014\/03\/IMG_5189-300x225.jpg 300w, https:\/\/kalisce.com\/blog\/wp-content\/uploads\/2014\/03\/IMG_5189-150x112.jpg 150w, https:\/\/kalisce.com\/blog\/wp-content\/uploads\/2014\/03\/IMG_5189-1024x769.jpg 1024w, https:\/\/kalisce.com\/blog\/wp-content\/uploads\/2014\/03\/IMG_5189.jpg 1600w\" sizes=\"(max-width: 300px) 100vw, 300px\" \/><\/a><p id=\"caption-attachment-3557\" class=\"wp-caption-text\">800 krat se je \u017ee vpisal v knjigo<\/p><\/div>\n<p>Koledarska zima je za nami \u2757 Naslednji teden bo \u017ee prava, uradna pomlad, \u010deprav jo \u010dutimo \u017ee nekaj \u010dasa.<\/p>\n<p><strong>Jo\u017eko<\/strong> je praznoval okroglo ( <strong>800<\/strong> ) \u0161tevilo vpisov med KLJUKE. Velikokrat se je pripeljal pod hrib, precej \u010devljev je uni\u010dil pa tudi kar nekaj \u010daja, cvi\u010dka, klobas, &#8230;, je predelal \ud83d\ude42 \u010cestitke!<\/p>\n<p><strong>Janez<\/strong> je bil v soboto na Stor\u017ei\u010du, v nedeljo pa je osvojil vzhodni greben.<\/p>\n<p>Sosednji kucelj (<strong>\u0160marno goro<\/strong>) so v soboto osvajali <strong>12 ur.<\/strong><\/p>\n<p><strong><a href=\"https:\/\/www.facebook.com\/media\/set\/?set=a.10152361456772642.1073741948.240050787641&amp;type=1\">Galerija <\/a>&#8211; MI2 z Janezom<\/strong><\/p>\n<p><strong><a href=\"https:\/\/www.facebook.com\/media\/set\/?set=a.10152359052092642.1073741947.240050787641&amp;type=1\">Galerija II <\/a>&#8211; 12 ur \u0160marne gore<\/strong><\/p>\n<p><strong><a href=\"https:\/\/kalisce.com\/blog\/wp-content\/uploads\/2014\/03\/vp160314.pdf\">KLJUKE &#8211; vpisi do 16. marca 2014<\/a><a href=\"https:\/\/kalisce.com\/blog\/wp-content\/uploads\/2014\/03\/vp160314.pdf\"><br \/>\n<\/a><\/strong><\/p>\n","protected":false},"excerpt":{"rendered":"<p>Koledarska zima je za nami \u2757 Naslednji teden bo \u017ee prava, uradna pomlad, \u010deprav jo \u010dutimo \u017ee nekaj \u010dasa. Jo\u017eko je praznoval okroglo ( 800 ) \u0161tevilo vpisov med KLJUKE. Velikokrat se je pripeljal pod hrib, precej \u010devljev je uni\u010dil pa tudi kar nekaj \u010daja, cvi\u010dka, klobas, &#8230;, je predelal \ud83d\ude42 \u010cestitke! Janez je bil [&hellip;]<\/p>\n","protected":false},"author":2,"featured_media":0,"comment_status":"open","ping_status":"open","sticky":false,"template":"","format":"standard","meta":{"footnotes":""},"categories":[5],"tags":[],"_links":{"self":[{"href":"https:\/\/kalisce.com\/blog\/wp-json\/wp\/v2\/posts\/3556"}],"collection":[{"href":"https:\/\/kalisce.com\/blog\/wp-json\/wp\/v2\/posts"}],"about":[{"href":"https:\/\/kalisce.com\/blog\/wp-json\/wp\/v2\/types\/post"}],"author":[{"embeddable":true,"href":"https:\/\/kalisce.com\/blog\/wp-json\/wp\/v2\/users\/2"}],"replies":[{"embeddable":true,"href":"https:\/\/kalisce.com\/blog\/wp-json\/wp\/v2\/comments?post=3556"}],"version-history":[{"count":4,"href":"https:\/\/kalisce.com\/blog\/wp-json\/wp\/v2\/posts\/3556\/revisions"}],"predecessor-version":[{"id":3562,"href":"https:\/\/kalisce.com\/blog\/wp-json\/wp\/v2\/posts\/3556\/revisions\/3562"}],"wp:attachment":[{"href":"https:\/\/kalisce.com\/blog\/wp-json\/wp\/v2\/media?parent=3556"}],"wp:term":[{"taxonomy":"category","embeddable":true,"href":"https:\/\/kalisce.com\/blog\/wp-json\/wp\/v2\/categories?post=3556"},{"taxonomy":"post_tag","embeddable":true,"href":"https:\/\/kalisce.com\/blog\/wp-json\/wp\/v2\/tags?post=3556"}],"curies":[{"name":"wp","href":"https:\/\/api.w.org\/{rel}","templated":true}]}}