{"id":397,"date":"2008-12-28T12:30:15","date_gmt":"2008-12-28T10:30:15","guid":{"rendered":"http:\/\/kalisce.com\/blog\/?p=397"},"modified":"2008-12-29T18:05:16","modified_gmt":"2008-12-29T16:05:16","slug":"gor-dol-gor-2008-rezultat","status":"publish","type":"post","link":"https:\/\/kalisce.com\/blog\/2008\/12\/28\/gor-dol-gor-2008-rezultat\/","title":{"rendered":"Gor-dol-gor 2008"},"content":{"rendered":"<p>\u00a0<\/p>\n<p><img loading=\"lazy\" decoding=\"async\" class=\"alignleft size-full wp-image-401\" title=\"Gor dol gor 2008\" src=\"https:\/\/kalisce.com\/blog\/wp-content\/uploads\/2008\/12\/img_1035.jpg\" alt=\"Gor dol gor 2008\" width=\"350\" height=\"280\" srcset=\"https:\/\/kalisce.com\/blog\/wp-content\/uploads\/2008\/12\/img_1035.jpg 350w, https:\/\/kalisce.com\/blog\/wp-content\/uploads\/2008\/12\/img_1035-150x120.jpg 150w, https:\/\/kalisce.com\/blog\/wp-content\/uploads\/2008\/12\/img_1035-300x240.jpg 300w\" sizes=\"(max-width: 350px) 100vw, 350px\" \/><strong><a href=\"https:\/\/kalisce.com\/blog\/wp-content\/uploads\/2008\/12\/vzponi.pdf\">Rezultati<\/a>\u00a0&#8211; gor dol gor 2008<br \/>\n<a href=\"https:\/\/kalisce.com\/blog\/gor_dol_gor\/2008\/ekipe3.pdf\">Ekipno<\/a><\/strong><strong> &#8211; \u0161tejejo najbolj\u0161i trije\u00a0<br \/>\n<a href=\"https:\/\/kalisce.com\/blog\/gor_dol_gor\/2008\/ekipno.pdf\">Ekipe<\/a><\/strong><strong>\u00a0<\/strong><\/p>\n<p><strong>FOTO:<br \/>\n<a href=\"https:\/\/kalisce.com\/blog\/gor_dol_gor\/2008\/081227gdgstart\/index.html\">Start in obrat pri potoku<\/a><br \/>\n<a href=\"https:\/\/kalisce.com\/blog\/gor_dol_gor\/2008\/081227zg\/index.html\">Zgoraj med tekmo<\/a><br \/>\n<a href=\"https:\/\/kalisce.com\/blog\/gor_dol_gor\/2008\/081227fin\/index.html\">Podelitev nagrad\u00a0<\/a><\/strong><\/p>\n<p><strong>Kali\u0161\u010de, sobota, 27. december 2008<\/strong><\/p>\n<p><strong>Tretji novoletni tek GOR DOL GOR <\/strong>se je odvijal v zelo te\u017ekih, zimskih pogojih. Med <strong>49 udele\u017eenci<\/strong> je bil najhitrej\u0161i <strong>Sebastjan Zarnik<\/strong>, drugi je bil <strong>Jure Robi\u010d<\/strong>, tretji <strong>Ale\u0161 Udovi\u010d<\/strong>, \u00a0dirke v nevarnih razmerah pa ste se udele\u017eili tudi dve \u017eenski, <strong>Janka \u010carman<\/strong> in <strong>Ruth Re\u0161 Podgornik.<br \/>\n<span style=\"font-weight: normal;\">Zahvaljujem se vsem sponzorjem in prijateljem, ki so pomagali pri izvedbi tekme! Hvala!<\/span><\/strong><\/p>\n<p><strong><span style=\"font-weight: normal;\"><a href=\"http:\/\/www.boltez.si\/\"><img loading=\"lazy\" decoding=\"async\" class=\"alignleft\" src=\"http:\/\/www.kalisce.com\/logotipi\/sponzo2.gif\" alt=\"\" width=\"140\" height=\"34\" \/><\/a><\/span><\/strong><\/p>\n<p>\u00a0<\/p>\n<p><a href=\"http:\/\/www.lubcon.si\/\"><img loading=\"lazy\" decoding=\"async\" class=\"alignleft\" src=\"http:\/\/kalisce.com\/images\/lubcon.png\" alt=\"\" width=\"99\" height=\"97\" \/><\/a><\/p>\n<p>\u00a0<\/p>\n<p><a href=\"http:\/\/www.triglav.si\/\"><img loading=\"lazy\" decoding=\"async\" class=\"alignleft\" src=\"http:\/\/www.boltez.com\/maraton\/slike\/zavtriglav.gif\" alt=\"\" width=\"150\" height=\"47\" \/><\/a><\/p>\n<p><a href=\"http:\/\/www.mobitel.si\/slo\/\"><img loading=\"lazy\" decoding=\"async\" class=\"alignnone\" src=\"http:\/\/www.kalisce.com\/logotipi\/mobitel_logo.gif\" alt=\"\" width=\"76\" height=\"77\" \/><\/a><a href=\"http:\/\/www.rekreativec.si\/\"><img loading=\"lazy\" decoding=\"async\" class=\"alignnone\" src=\"https:\/\/kalisce.com\/blog\/wp-content\/uploads\/2008\/10\/rekreativec2.jpg\" alt=\"\" width=\"250\" height=\"62\" \/><\/a><a href=\"http:\/\/www.tekaskiforum.net\/viewtopic.php?t=10696\"><img loading=\"lazy\" decoding=\"async\" class=\"alignright\" src=\"https:\/\/kalisce.com\/blog\/wp-content\/uploads\/2008\/10\/logo_phpbb1.gif\" alt=\"\" width=\"140\" height=\"99\" \/><\/a><\/p>\n<p><strong><a href=\"http:\/\/www.krila-kljuci.si\/index2.htm\">Krila d.o.o.<\/a><\/strong><\/p>\n<p><strong><a href=\"http:\/\/www.datoteka.com\/Slovenia-Yellow-Pages\/Mesarija-Kalan-Franc-Kranj.html\">Mesarija Kalan Franc, Kranj<\/a><\/strong><\/p>\n<p><strong><a href=\"http:\/\/www.pdkranj.si\/\">Planinsko dru\u0161tvo Kranj<\/a><\/strong><\/p>\n<p><strong><br \/>\n<\/strong><\/p>\n","protected":false},"excerpt":{"rendered":"<p>\u00a0 Rezultati\u00a0&#8211; gor dol gor 2008 Ekipno &#8211; \u0161tejejo najbolj\u0161i trije\u00a0 Ekipe\u00a0 FOTO: Start in obrat pri potoku Zgoraj med tekmo Podelitev nagrad\u00a0 Kali\u0161\u010de, sobota, 27. december 2008 Tretji novoletni tek GOR DOL GOR se je odvijal v zelo te\u017ekih, zimskih pogojih. Med 49 udele\u017eenci je bil najhitrej\u0161i Sebastjan Zarnik, drugi je bil Jure Robi\u010d, [&hellip;]<\/p>\n","protected":false},"author":2,"featured_media":0,"comment_status":"open","ping_status":"open","sticky":false,"template":"","format":"standard","meta":{"footnotes":""},"categories":[10],"tags":[],"_links":{"self":[{"href":"https:\/\/kalisce.com\/blog\/wp-json\/wp\/v2\/posts\/397"}],"collection":[{"href":"https:\/\/kalisce.com\/blog\/wp-json\/wp\/v2\/posts"}],"about":[{"href":"https:\/\/kalisce.com\/blog\/wp-json\/wp\/v2\/types\/post"}],"author":[{"embeddable":true,"href":"https:\/\/kalisce.com\/blog\/wp-json\/wp\/v2\/users\/2"}],"replies":[{"embeddable":true,"href":"https:\/\/kalisce.com\/blog\/wp-json\/wp\/v2\/comments?post=397"}],"version-history":[{"count":7,"href":"https:\/\/kalisce.com\/blog\/wp-json\/wp\/v2\/posts\/397\/revisions"}],"predecessor-version":[{"id":400,"href":"https:\/\/kalisce.com\/blog\/wp-json\/wp\/v2\/posts\/397\/revisions\/400"}],"wp:attachment":[{"href":"https:\/\/kalisce.com\/blog\/wp-json\/wp\/v2\/media?parent=397"}],"wp:term":[{"taxonomy":"category","embeddable":true,"href":"https:\/\/kalisce.com\/blog\/wp-json\/wp\/v2\/categories?post=397"},{"taxonomy":"post_tag","embeddable":true,"href":"https:\/\/kalisce.com\/blog\/wp-json\/wp\/v2\/tags?post=397"}],"curies":[{"name":"wp","href":"https:\/\/api.w.org\/{rel}","templated":true}]}}