{"id":4003,"date":"2015-02-15T13:46:41","date_gmt":"2015-02-15T12:46:41","guid":{"rendered":"http:\/\/kalisce.com\/blog\/?p=4003"},"modified":"2015-03-07T14:16:02","modified_gmt":"2015-03-07T13:16:02","slug":"pust-valentinovo-konec-zimske-lige","status":"publish","type":"post","link":"https:\/\/kalisce.com\/blog\/2015\/02\/15\/pust-valentinovo-konec-zimske-lige\/","title":{"rendered":"Pust, Valentinovo, konec zimske lige,&#8230;"},"content":{"rendered":"<div id=\"attachment_4005\" style=\"width: 650px\" class=\"wp-caption alignleft\"><a href=\"https:\/\/www.dropbox.com\/sh\/rjv6lricvwl0cc2\/AAAY4c1D7e8ulM65pWu6UNBha?dl=0#\/\"><img loading=\"lazy\" decoding=\"async\" aria-describedby=\"caption-attachment-4005\" class=\"size-full wp-image-4005 \" title=\"Gasilska na zadnjem krogu zimske lige\" alt=\"Gasilska na zadnjem krogu zimske lige\" src=\"https:\/\/kalisce.com\/blog\/wp-content\/uploads\/2015\/02\/Brdo-15.2-86.jpg\" width=\"640\" height=\"226\" srcset=\"https:\/\/kalisce.com\/blog\/wp-content\/uploads\/2015\/02\/Brdo-15.2-86.jpg 640w, https:\/\/kalisce.com\/blog\/wp-content\/uploads\/2015\/02\/Brdo-15.2-86-150x52.jpg 150w, https:\/\/kalisce.com\/blog\/wp-content\/uploads\/2015\/02\/Brdo-15.2-86-300x105.jpg 300w\" sizes=\"(max-width: 640px) 100vw, 640px\" \/><\/a><p id=\"caption-attachment-4005\" class=\"wp-caption-text\">Gasilska na zadnjem krogu zimske lige<\/p><\/div>\n<p>Minuli vikend je bil naporen: <strong>Prevc<\/strong> skoraj v poden, Pust, Valentinovo, zaklju\u010dek zimskih tekov v okviru <a href=\"https:\/\/kalisce.com\/blog\/zimska-liga\/\"><strong>kranjske zimske teka\u0161ke lige<\/strong><\/a> in \u0161e kaj bi se na\u0161lo,&#8230;<\/p>\n<p>Za nekatere \u0161olarje so se za\u010dele zimske po\u010ditnice, za ostale se bodo pa naslednji teden. Neko\u010d so bile po\u010ditnice samo dvakrat na leto (zimske in letne), po novem sistemu pa so vsakih nekaj tednov \ud83d\ude42<\/p>\n<p>V \u0160en\u010durju so <strong>Godlarji<\/strong> spet pripravili veliko pustno povorko \u2757<\/p>\n<p>\u010ce \u0161e niste podalj\u0161ali veljavnosti\u00a0<strong>\u010dlanarine<\/strong> za planinsko dru\u0161tvo ne odla\u0161ajte ve\u010d, saj je \u017ee februar (\u010dlanarina B se je \u00a0povzpela na <strong>25 EUR<\/strong>).<\/p>\n<p><strong><a href=\"https:\/\/www.dropbox.com\/sh\/rjv6lricvwl0cc2\/AAAY4c1D7e8ulM65pWu6UNBha?dl=0\">Galerija <\/a>&#8211; zimska liga okrog Brda<\/strong><\/p>\n<p><strong><a href=\"https:\/\/www.facebook.com\/media\/set\/?set=a.10153163011892642.1073742031.240050787641&amp;type=1\">Galerija s Kali\u0161\u010da<\/a> &#8211; MI2 z Janezom<\/strong><\/p>\n<p><strong style=\"line-height: 1.5em;\"><a href=\"https:\/\/kalisce.com\/blog\/6-ur-kalisca\/\">6 ur Kali\u0161\u010da &#8211; peti\u010d!<\/a><\/strong><\/p>\n<p><strong><a href=\"https:\/\/kalisce.com\/blog\/wp-content\/uploads\/2009\/11\/6ur2015prijave.pdf\">Spisek prijavljenih<\/a>\u00a0&#8211; trenutno<\/strong><\/p>\n<p><span style=\"color: #ff0000;\"><strong>Pohitite s prijavami!<\/strong><\/span><\/p>\n<p><strong><a href=\"https:\/\/www.facebook.com\/media\/set\/?set=a.10153180360372642.1073742033.240050787641&amp;type=1\">Galerija &#8211; 1. postni teden<\/a> &#8211; Janez<\/strong><\/p>\n<p><span style=\"color: #ff0000;\"><strong>NOVO!<\/strong><\/span><\/p>\n<p><strong><a href=\"https:\/\/www.facebook.com\/media\/set\/?set=a.10153196221457642.1073742034.240050787641&amp;type=1\">Za\u010detek marca na Stor\u017ei\u010du <\/a>&#8211; Janez<\/strong><\/p>\n<p><strong><a href=\"https:\/\/kalisce.com\/blog\/wp-content\/uploads\/2015\/02\/vp010315.pdf\">KLJUKE &#8211; vpisi do 1. marca 2015<\/a><a href=\"https:\/\/kalisce.com\/blog\/wp-content\/uploads\/2015\/02\/vp010315.pdf\"><br \/>\n<\/a><\/strong><\/p>\n<div id=\"attachment_4009\" style=\"width: 310px\" class=\"wp-caption alignleft\"><a href=\"https:\/\/www.facebook.com\/media\/set\/?set=a.10153163011892642.1073742031.240050787641&amp;type=1\"><img loading=\"lazy\" decoding=\"async\" aria-describedby=\"caption-attachment-4009\" class=\"size-medium wp-image-4009  \" title=\"Ivanova ograja s tablo\" alt=\"Ivanova ograja s tablo\" src=\"https:\/\/kalisce.com\/blog\/wp-content\/uploads\/2015\/02\/IMG_2052-300x225.jpg\" width=\"300\" height=\"225\" srcset=\"https:\/\/kalisce.com\/blog\/wp-content\/uploads\/2015\/02\/IMG_2052-300x225.jpg 300w, https:\/\/kalisce.com\/blog\/wp-content\/uploads\/2015\/02\/IMG_2052-150x112.jpg 150w, https:\/\/kalisce.com\/blog\/wp-content\/uploads\/2015\/02\/IMG_2052-1024x768.jpg 1024w, https:\/\/kalisce.com\/blog\/wp-content\/uploads\/2015\/02\/IMG_2052.jpg 1600w\" sizes=\"(max-width: 300px) 100vw, 300px\" \/><\/a><p id=\"caption-attachment-4009\" class=\"wp-caption-text\">Ivanova ograja s tablo<\/p><\/div>\n","protected":false},"excerpt":{"rendered":"<p>Minuli vikend je bil naporen: Prevc skoraj v poden, Pust, Valentinovo, zaklju\u010dek zimskih tekov v okviru kranjske zimske teka\u0161ke lige in \u0161e kaj bi se na\u0161lo,&#8230; Za nekatere \u0161olarje so se za\u010dele zimske po\u010ditnice, za ostale se bodo pa naslednji teden. Neko\u010d so bile po\u010ditnice samo dvakrat na leto (zimske in letne), po novem sistemu [&hellip;]<\/p>\n","protected":false},"author":2,"featured_media":0,"comment_status":"open","ping_status":"open","sticky":false,"template":"","format":"standard","meta":{"footnotes":""},"categories":[5],"tags":[],"_links":{"self":[{"href":"https:\/\/kalisce.com\/blog\/wp-json\/wp\/v2\/posts\/4003"}],"collection":[{"href":"https:\/\/kalisce.com\/blog\/wp-json\/wp\/v2\/posts"}],"about":[{"href":"https:\/\/kalisce.com\/blog\/wp-json\/wp\/v2\/types\/post"}],"author":[{"embeddable":true,"href":"https:\/\/kalisce.com\/blog\/wp-json\/wp\/v2\/users\/2"}],"replies":[{"embeddable":true,"href":"https:\/\/kalisce.com\/blog\/wp-json\/wp\/v2\/comments?post=4003"}],"version-history":[{"count":14,"href":"https:\/\/kalisce.com\/blog\/wp-json\/wp\/v2\/posts\/4003\/revisions"}],"predecessor-version":[{"id":4038,"href":"https:\/\/kalisce.com\/blog\/wp-json\/wp\/v2\/posts\/4003\/revisions\/4038"}],"wp:attachment":[{"href":"https:\/\/kalisce.com\/blog\/wp-json\/wp\/v2\/media?parent=4003"}],"wp:term":[{"taxonomy":"category","embeddable":true,"href":"https:\/\/kalisce.com\/blog\/wp-json\/wp\/v2\/categories?post=4003"},{"taxonomy":"post_tag","embeddable":true,"href":"https:\/\/kalisce.com\/blog\/wp-json\/wp\/v2\/tags?post=4003"}],"curies":[{"name":"wp","href":"https:\/\/api.w.org\/{rel}","templated":true}]}}