{"id":410,"date":"2008-12-29T16:51:55","date_gmt":"2008-12-29T14:51:55","guid":{"rendered":"http:\/\/kalisce.com\/blog\/?p=410"},"modified":"2008-12-29T21:46:46","modified_gmt":"2008-12-29T19:46:46","slug":"konec-leta-2008","status":"publish","type":"post","link":"https:\/\/kalisce.com\/blog\/2008\/12\/29\/konec-leta-2008\/","title":{"rendered":"Konec leta 2008!"},"content":{"rendered":"<p><a href=\"https:\/\/kalisce.com\/blog\/foto\/2008\/081227\/index.html\"><img loading=\"lazy\" decoding=\"async\" class=\"alignleft size-full wp-image-411\" title=\"Bo\u017ei\u010dni prazniki\" src=\"https:\/\/kalisce.com\/blog\/wp-content\/uploads\/2008\/12\/img_0958.jpg\" alt=\"Bo\u017ei\u010dni prazniki\" width=\"350\" height=\"263\" srcset=\"https:\/\/kalisce.com\/blog\/wp-content\/uploads\/2008\/12\/img_0958.jpg 350w, https:\/\/kalisce.com\/blog\/wp-content\/uploads\/2008\/12\/img_0958-150x112.jpg 150w, https:\/\/kalisce.com\/blog\/wp-content\/uploads\/2008\/12\/img_0958-300x225.jpg 300w\" sizes=\"(max-width: 350px) 100vw, 350px\" \/><\/a>Podalj\u0161ani vikend pred koncem leta 2008 je bil zelo pester. Za\u010deli smo ga \u017ee v sredo, na Bo\u017ei\u010dni ve\u010der, ko se je kar nekaj planincev odlo\u010dilo pre\u017eiveti polno\u010dnico na Kali\u0161\u010du.<br \/>\n<strong>Bo\u017ei\u010d <\/strong>in <strong>\u0160tefanovo <\/strong>smo praznovali v dru\u017ebi harmonike in plesa, zraven pa so tekle \u0161e priprave na <a href=\"https:\/\/kalisce.com\/blog\/2008\/12\/28\/gor-dol-gor-2008-rezultat\/\"><strong>tretjo tekmo GOR DOL GOR<\/strong><\/a>, ki smo jo izvedli v soboto. Po naporni tekmi v te\u017ekih vremenskih razmerah je bila nedeljska veselica s hi\u0161nim ansamblom samo \u0161e pika na<strong> i<\/strong>.\u00a0<\/p>\n<p><strong>KLJUKE <\/strong>so \u00a0se \u0161e zadnji\u010d v letu 2008 vpisale v svojo knjigo!<\/p>\n<p><strong>Vsem obiskovalcem Kali\u0161\u010da in na\u0161ih spletnih strani \u017eelimo veliko zdravja in zadovoljstva v letu 2009!<br \/>\n\u0160e veliko vzponov na Kali\u0161\u010de!!!<br \/>\nMarjan, Irena in Miha\u00a0<\/strong><\/p>\n<p><strong><a href=\"https:\/\/kalisce.com\/blog\/foto\/2008\/081227\/index.html\">Galerija<\/a><\/strong><br \/>\n<strong><a href=\"https:\/\/kalisce.com\/blog\/vpisi\/2008\/081228.pdf\">Seznam vpisanih KLJUK &#8211; 28.12.2008<\/a><br \/>\n<\/strong><\/p>\n","protected":false},"excerpt":{"rendered":"<p>Podalj\u0161ani vikend pred koncem leta 2008 je bil zelo pester. Za\u010deli smo ga \u017ee v sredo, na Bo\u017ei\u010dni ve\u010der, ko se je kar nekaj planincev odlo\u010dilo pre\u017eiveti polno\u010dnico na Kali\u0161\u010du. Bo\u017ei\u010d in \u0160tefanovo smo praznovali v dru\u017ebi harmonike in plesa, zraven pa so tekle \u0161e priprave na tretjo tekmo GOR DOL GOR, ki smo jo [&hellip;]<\/p>\n","protected":false},"author":2,"featured_media":0,"comment_status":"open","ping_status":"open","sticky":false,"template":"","format":"standard","meta":{"footnotes":""},"categories":[9,10,8],"tags":[],"_links":{"self":[{"href":"https:\/\/kalisce.com\/blog\/wp-json\/wp\/v2\/posts\/410"}],"collection":[{"href":"https:\/\/kalisce.com\/blog\/wp-json\/wp\/v2\/posts"}],"about":[{"href":"https:\/\/kalisce.com\/blog\/wp-json\/wp\/v2\/types\/post"}],"author":[{"embeddable":true,"href":"https:\/\/kalisce.com\/blog\/wp-json\/wp\/v2\/users\/2"}],"replies":[{"embeddable":true,"href":"https:\/\/kalisce.com\/blog\/wp-json\/wp\/v2\/comments?post=410"}],"version-history":[{"count":3,"href":"https:\/\/kalisce.com\/blog\/wp-json\/wp\/v2\/posts\/410\/revisions"}],"predecessor-version":[{"id":413,"href":"https:\/\/kalisce.com\/blog\/wp-json\/wp\/v2\/posts\/410\/revisions\/413"}],"wp:attachment":[{"href":"https:\/\/kalisce.com\/blog\/wp-json\/wp\/v2\/media?parent=410"}],"wp:term":[{"taxonomy":"category","embeddable":true,"href":"https:\/\/kalisce.com\/blog\/wp-json\/wp\/v2\/categories?post=410"},{"taxonomy":"post_tag","embeddable":true,"href":"https:\/\/kalisce.com\/blog\/wp-json\/wp\/v2\/tags?post=410"}],"curies":[{"name":"wp","href":"https:\/\/api.w.org\/{rel}","templated":true}]}}