{"id":420,"date":"2009-01-06T17:11:14","date_gmt":"2009-01-06T15:11:14","guid":{"rendered":"http:\/\/kalisce.com\/blog\/?p=420"},"modified":"2009-01-07T17:09:02","modified_gmt":"2009-01-07T15:09:02","slug":"novo-leto-2009","status":"publish","type":"post","link":"https:\/\/kalisce.com\/blog\/2009\/01\/06\/novo-leto-2009\/","title":{"rendered":"NOVO LETO 2009"},"content":{"rendered":"<p><a href=\"https:\/\/kalisce.com\/blog\/foto\/2008\/090104\/index.html\"><img loading=\"lazy\" decoding=\"async\" class=\"alignleft size-full wp-image-421\" title=\"Predsednikov \u010daj!\" src=\"https:\/\/kalisce.com\/blog\/wp-content\/uploads\/2009\/01\/img_1095.jpg\" alt=\"Predsednikov \u010daj!\" width=\"350\" height=\"263\" srcset=\"https:\/\/kalisce.com\/blog\/wp-content\/uploads\/2009\/01\/img_1095.jpg 350w, https:\/\/kalisce.com\/blog\/wp-content\/uploads\/2009\/01\/img_1095-150x112.jpg 150w, https:\/\/kalisce.com\/blog\/wp-content\/uploads\/2009\/01\/img_1095-300x225.jpg 300w\" sizes=\"(max-width: 350px) 100vw, 350px\" \/><\/a>Prazniki okoli <strong>Novega leta<\/strong> in <strong>Bo\u017ei\u010da <\/strong>so bili za KLJUKE (pa \u0161e za koga drugega) kar naporni! V <strong>enajstih <\/strong>dneh je bilo kar <strong>osem <\/strong>vpisov v posve\u010deno knjigo. Vpisovanje \u00a0se je prevesilo v drugo polovico. Po triintridesetih vpisih ima vse obiske \u0161e <strong>37<\/strong> KLJUK! Imamo \u017ee <strong>299<\/strong> \u010dlanov!\u00a0<br \/>\nVreme je bilo prijetno zimsko &#8211; mraz, sneg, sonce.<br \/>\nNa novega leta dan smo imeli <a href=\"http:\/\/www.gore-ljudje.net\/novosti\/41523\/\">tradicionalni novoletni \u00a0predsednikov planinski \u010daj<\/a>.<br \/>\nOblegan je bil tudi vrh Stor\u017ei\u010da. Poleg izku\u0161enih hribovcev se je za naskok na vrh v te\u017ekih razmerah odlo\u010dilo nekaj pravih amaterjev!!?? Velika sre\u010da je, da ni bilo potrebno klicati na pomo\u010d re\u0161evalcev! Stor\u017ei\u010da se pozimi ne sme podcenjevati!<\/p>\n<p><strong><a href=\"https:\/\/kalisce.com\/blog\/foto\/2008\/090104\/index.html\">Galerija<\/a><\/strong><\/p>\n<p><strong><a href=\"https:\/\/kalisce.com\/blog\/vpisi\/2008\/090104.pdf\">Seznam vpisanih KLJUK &#8211;\u00a004.01.2009<\/a><br \/>\n<\/strong><\/p>\n","protected":false},"excerpt":{"rendered":"<p>Prazniki okoli Novega leta in Bo\u017ei\u010da so bili za KLJUKE (pa \u0161e za koga drugega) kar naporni! V enajstih dneh je bilo kar osem vpisov v posve\u010deno knjigo. Vpisovanje \u00a0se je prevesilo v drugo polovico. Po triintridesetih vpisih ima vse obiske \u0161e 37 KLJUK! Imamo \u017ee 299 \u010dlanov!\u00a0 Vreme je bilo prijetno zimsko &#8211; mraz, [&hellip;]<\/p>\n","protected":false},"author":2,"featured_media":0,"comment_status":"open","ping_status":"open","sticky":false,"template":"","format":"standard","meta":{"footnotes":""},"categories":[9,8],"tags":[],"_links":{"self":[{"href":"https:\/\/kalisce.com\/blog\/wp-json\/wp\/v2\/posts\/420"}],"collection":[{"href":"https:\/\/kalisce.com\/blog\/wp-json\/wp\/v2\/posts"}],"about":[{"href":"https:\/\/kalisce.com\/blog\/wp-json\/wp\/v2\/types\/post"}],"author":[{"embeddable":true,"href":"https:\/\/kalisce.com\/blog\/wp-json\/wp\/v2\/users\/2"}],"replies":[{"embeddable":true,"href":"https:\/\/kalisce.com\/blog\/wp-json\/wp\/v2\/comments?post=420"}],"version-history":[{"count":3,"href":"https:\/\/kalisce.com\/blog\/wp-json\/wp\/v2\/posts\/420\/revisions"}],"predecessor-version":[{"id":424,"href":"https:\/\/kalisce.com\/blog\/wp-json\/wp\/v2\/posts\/420\/revisions\/424"}],"wp:attachment":[{"href":"https:\/\/kalisce.com\/blog\/wp-json\/wp\/v2\/media?parent=420"}],"wp:term":[{"taxonomy":"category","embeddable":true,"href":"https:\/\/kalisce.com\/blog\/wp-json\/wp\/v2\/categories?post=420"},{"taxonomy":"post_tag","embeddable":true,"href":"https:\/\/kalisce.com\/blog\/wp-json\/wp\/v2\/tags?post=420"}],"curies":[{"name":"wp","href":"https:\/\/api.w.org\/{rel}","templated":true}]}}