{"id":4216,"date":"2015-10-05T12:07:17","date_gmt":"2015-10-05T11:07:17","guid":{"rendered":"http:\/\/kalisce.com\/blog\/?p=4216"},"modified":"2015-10-05T12:08:11","modified_gmt":"2015-10-05T11:08:11","slug":"start-19-sezone-za-kljuke","status":"publish","type":"post","link":"https:\/\/kalisce.com\/blog\/2015\/10\/05\/start-19-sezone-za-kljuke\/","title":{"rendered":"Start 19. sezone za KLJUKE"},"content":{"rendered":"<div id=\"attachment_4217\" style=\"width: 310px\" class=\"wp-caption alignleft\"><a href=\"https:\/\/www.facebook.com\/media\/set\/?set=a.10153727352852642.1073742070.240050787641&amp;type=3\"><img loading=\"lazy\" decoding=\"async\" aria-describedby=\"caption-attachment-4217\" class=\"wp-image-4217 size-medium\" src=\"https:\/\/kalisce.com\/blog\/wp-content\/uploads\/2015\/10\/IMG_3566-300x169.jpg\" alt=\"Ko\u010da na Kali\u0161\u010du\" width=\"300\" height=\"169\" srcset=\"https:\/\/kalisce.com\/blog\/wp-content\/uploads\/2015\/10\/IMG_3566-300x169.jpg 300w, https:\/\/kalisce.com\/blog\/wp-content\/uploads\/2015\/10\/IMG_3566-150x84.jpg 150w, https:\/\/kalisce.com\/blog\/wp-content\/uploads\/2015\/10\/IMG_3566-1024x576.jpg 1024w\" sizes=\"(max-width: 300px) 100vw, 300px\" \/><\/a><p id=\"caption-attachment-4217\" class=\"wp-caption-text\">Ko\u010da na Kali\u0161\u010du<\/p><\/div>\n<p>Po dolgem vro\u010dem poletju se je s prvim oktobrskim vikendom za\u010dela \u017ee <strong>19. sezona<\/strong> vpisovanja v klub <strong>KLJUKA<\/strong> &#8211; <strong>KL<\/strong>ub <strong>LJU<\/strong>biteljev <strong>KA<\/strong>li\u0161\u010da.<\/p>\n<p>\u010ceprav so nas vabili na sobotni koncert v ko\u010do, muzike \u017eal ni bilo \ud83d\ude25 \ud83d\ude41<\/p>\n<p>V soboto so pri\u0161li na Kali\u0161\u010de samo tisti s <strong>100% vpisi<\/strong>!<\/p>\n<p>Vreme s pohodniki ni najbolje sodelovalo, saj je bil ves vikend meglen in de\u017eeven, kar se vidi tudi na <strong>Janezovih<\/strong> slikah.<\/p>\n<p><strong><a href=\"https:\/\/www.facebook.com\/media\/set\/?set=a.10153727352852642.1073742070.240050787641&amp;type=3\">Galerija <\/a>&#8211; Janez<\/strong><\/p>\n","protected":false},"excerpt":{"rendered":"<p>Po dolgem vro\u010dem poletju se je s prvim oktobrskim vikendom za\u010dela \u017ee 19. sezona vpisovanja v klub KLJUKA &#8211; KLub LJUbiteljev KAli\u0161\u010da. \u010ceprav so nas vabili na sobotni koncert v ko\u010do, muzike \u017eal ni bilo \ud83d\ude25 \ud83d\ude41 V soboto so pri\u0161li na Kali\u0161\u010de samo tisti s 100% vpisi! Vreme s pohodniki ni najbolje sodelovalo, saj [&hellip;]<\/p>\n","protected":false},"author":2,"featured_media":0,"comment_status":"open","ping_status":"open","sticky":false,"template":"","format":"standard","meta":{"footnotes":""},"categories":[8,5],"tags":[],"_links":{"self":[{"href":"https:\/\/kalisce.com\/blog\/wp-json\/wp\/v2\/posts\/4216"}],"collection":[{"href":"https:\/\/kalisce.com\/blog\/wp-json\/wp\/v2\/posts"}],"about":[{"href":"https:\/\/kalisce.com\/blog\/wp-json\/wp\/v2\/types\/post"}],"author":[{"embeddable":true,"href":"https:\/\/kalisce.com\/blog\/wp-json\/wp\/v2\/users\/2"}],"replies":[{"embeddable":true,"href":"https:\/\/kalisce.com\/blog\/wp-json\/wp\/v2\/comments?post=4216"}],"version-history":[{"count":2,"href":"https:\/\/kalisce.com\/blog\/wp-json\/wp\/v2\/posts\/4216\/revisions"}],"predecessor-version":[{"id":4219,"href":"https:\/\/kalisce.com\/blog\/wp-json\/wp\/v2\/posts\/4216\/revisions\/4219"}],"wp:attachment":[{"href":"https:\/\/kalisce.com\/blog\/wp-json\/wp\/v2\/media?parent=4216"}],"wp:term":[{"taxonomy":"category","embeddable":true,"href":"https:\/\/kalisce.com\/blog\/wp-json\/wp\/v2\/categories?post=4216"},{"taxonomy":"post_tag","embeddable":true,"href":"https:\/\/kalisce.com\/blog\/wp-json\/wp\/v2\/tags?post=4216"}],"curies":[{"name":"wp","href":"https:\/\/api.w.org\/{rel}","templated":true}]}}