{"id":435,"date":"2009-01-12T19:12:17","date_gmt":"2009-01-12T17:12:17","guid":{"rendered":"http:\/\/kalisce.com\/blog\/?p=435"},"modified":"2009-01-14T20:51:16","modified_gmt":"2009-01-14T18:51:16","slug":"inverzija","status":"publish","type":"post","link":"https:\/\/kalisce.com\/blog\/2009\/01\/12\/inverzija\/","title":{"rendered":"Inverzija"},"content":{"rendered":"<div id=\"attachment_436\" style=\"width: 360px\" class=\"wp-caption alignleft\"><a href=\"https:\/\/kalisce.com\/blog\/foto\/2008\/090111\/index.html\"><img loading=\"lazy\" decoding=\"async\" aria-describedby=\"caption-attachment-436\" class=\"size-full wp-image-436 \" title=\"Polna luna\" src=\"https:\/\/kalisce.com\/blog\/wp-content\/uploads\/2009\/01\/img_0879.jpg\" alt=\"Polna luna\" width=\"350\" height=\"268\" srcset=\"https:\/\/kalisce.com\/blog\/wp-content\/uploads\/2009\/01\/img_0879.jpg 350w, https:\/\/kalisce.com\/blog\/wp-content\/uploads\/2009\/01\/img_0879-150x114.jpg 150w, https:\/\/kalisce.com\/blog\/wp-content\/uploads\/2009\/01\/img_0879-300x229.jpg 300w\" sizes=\"(max-width: 350px) 100vw, 350px\" \/><\/a><p id=\"caption-attachment-436\" class=\"wp-caption-text\">Polna luna<\/p><\/div>\n<p>Minuli vikend je zaznamovala temperaturna inverzija. V dolini se je zadr\u017eeval mrzel polarni zrak (jutranjih -17\u00b0C), na <strong>Kali\u0161\u010du<\/strong> pa je bilo zjutraj kar -4\u00b0C! Hribovci so si za\u017eeleli poleg kave celo le\u017ealnike za son\u010denje!?<br \/>\nPoleg inverzije nas je spremljala tudi <strong>polna luna<\/strong>. Fantovsko sonce je omogo\u010dalo no\u010dna sprehajanja po zasne\u017eenih hribih kar brez lu\u010di. Polna luna ima poleg svetlobe, ki jo oddaja, tudi druga\u010dno mo\u010d, ki na ljudi vpliva na razli\u010dne na\u010dine. Tega ne bom podrobneje opisoval.<br \/>\n<strong>Zvesti obiskovalci<\/strong> so mi poslali nekaj slik z vrha Stor\u017ei\u010da, nekaj z <strong><a href=\"https:\/\/kalisce.com\/blog\/zimska-liga\/\">zimske lige<\/a><\/strong>, nekaj slik pa je \u00a0mojih (posnetih okoli ko\u010de \ud83d\ude42 ).<br \/>\nStava je stava: <strong><a href=\"https:\/\/kalisce.com\/blog\/foto\/2008\/plavuti\/index.html\">fotografije tekme &#8220;Na Kali\u0161\u010de s plavutmi<\/a><\/strong>&#8220;!<br \/>\n<strong><a href=\"https:\/\/kalisce.com\/blog\/foto\/2008\/090111\/index.html\">Galerija<br \/>\n<\/a><a href=\"https:\/\/kalisce.com\/blog\/vpisi\/2008\/090111.pdf\">Seznam vpisanih KLJUK &#8211; 11.01.2009<\/a><\/strong><\/p>\n<p><strong>Pomembno obvestilo: <span style=\"color: #ff0000;\">NOVO!<\/span> \u00a0<a href=\"http:\/\/www.boltez.si\/jostek\/index.htm\">Jo\u0161Tek<\/a><\/strong><\/p>\n","protected":false},"excerpt":{"rendered":"<p>Minuli vikend je zaznamovala temperaturna inverzija. V dolini se je zadr\u017eeval mrzel polarni zrak (jutranjih -17\u00b0C), na Kali\u0161\u010du pa je bilo zjutraj kar -4\u00b0C! Hribovci so si za\u017eeleli poleg kave celo le\u017ealnike za son\u010denje!? Poleg inverzije nas je spremljala tudi polna luna. Fantovsko sonce je omogo\u010dalo no\u010dna sprehajanja po zasne\u017eenih hribih kar brez lu\u010di. Polna [&hellip;]<\/p>\n","protected":false},"author":2,"featured_media":0,"comment_status":"open","ping_status":"open","sticky":false,"template":"","format":"standard","meta":{"footnotes":""},"categories":[9,8],"tags":[],"_links":{"self":[{"href":"https:\/\/kalisce.com\/blog\/wp-json\/wp\/v2\/posts\/435"}],"collection":[{"href":"https:\/\/kalisce.com\/blog\/wp-json\/wp\/v2\/posts"}],"about":[{"href":"https:\/\/kalisce.com\/blog\/wp-json\/wp\/v2\/types\/post"}],"author":[{"embeddable":true,"href":"https:\/\/kalisce.com\/blog\/wp-json\/wp\/v2\/users\/2"}],"replies":[{"embeddable":true,"href":"https:\/\/kalisce.com\/blog\/wp-json\/wp\/v2\/comments?post=435"}],"version-history":[{"count":6,"href":"https:\/\/kalisce.com\/blog\/wp-json\/wp\/v2\/posts\/435\/revisions"}],"predecessor-version":[{"id":439,"href":"https:\/\/kalisce.com\/blog\/wp-json\/wp\/v2\/posts\/435\/revisions\/439"}],"wp:attachment":[{"href":"https:\/\/kalisce.com\/blog\/wp-json\/wp\/v2\/media?parent=435"}],"wp:term":[{"taxonomy":"category","embeddable":true,"href":"https:\/\/kalisce.com\/blog\/wp-json\/wp\/v2\/categories?post=435"},{"taxonomy":"post_tag","embeddable":true,"href":"https:\/\/kalisce.com\/blog\/wp-json\/wp\/v2\/tags?post=435"}],"curies":[{"name":"wp","href":"https:\/\/api.w.org\/{rel}","templated":true}]}}