{"id":4590,"date":"2016-10-03T10:12:29","date_gmt":"2016-10-03T09:12:29","guid":{"rendered":"http:\/\/kalisce.com\/blog\/?p=4590"},"modified":"2016-10-03T10:12:47","modified_gmt":"2016-10-03T09:12:47","slug":"start-30-sezone-za-kljuke","status":"publish","type":"post","link":"https:\/\/kalisce.com\/blog\/2016\/10\/03\/start-30-sezone-za-kljuke\/","title":{"rendered":"Start 20. sezone za KLJUKE"},"content":{"rendered":"<div id=\"attachment_4591\" style=\"width: 310px\" class=\"wp-caption alignleft\"><a href=\"https:\/\/www.facebook.com\/kalisce\/photos\/?tab=album&amp;album_id=10154666418447642\" target=\"_blank\" rel=\"attachment wp-att-4591\"><img loading=\"lazy\" decoding=\"async\" aria-describedby=\"caption-attachment-4591\" class=\"wp-image-4591 size-medium\" src=\"https:\/\/kalisce.com\/blog\/wp-content\/uploads\/2016\/10\/IMG_6055-300x225.jpg\" alt=\"Ko\u010da na Kali\u0161\u010du\" width=\"300\" height=\"225\" srcset=\"https:\/\/kalisce.com\/blog\/wp-content\/uploads\/2016\/10\/IMG_6055-300x225.jpg 300w, https:\/\/kalisce.com\/blog\/wp-content\/uploads\/2016\/10\/IMG_6055-150x113.jpg 150w, https:\/\/kalisce.com\/blog\/wp-content\/uploads\/2016\/10\/IMG_6055-768x576.jpg 768w, https:\/\/kalisce.com\/blog\/wp-content\/uploads\/2016\/10\/IMG_6055-1024x768.jpg 1024w, https:\/\/kalisce.com\/blog\/wp-content\/uploads\/2016\/10\/IMG_6055.jpg 1590w\" sizes=\"(max-width: 300px) 100vw, 300px\" \/><\/a><p id=\"caption-attachment-4591\" class=\"wp-caption-text\">Ko\u010da na Kali\u0161\u010du<\/p><\/div>\n<p>V soboto, 1. oktobra, se je na Kali\u0161\u010du za\u010dela \u017ee 20. sezona vpisovanja v <span style=\"color: #ff0000;\"><strong>K<\/strong><\/span>lub <span style=\"color: #ff0000;\"><strong>LJ<\/strong><\/span>ubiteljev<strong><span style=\"color: #ff0000;\"> KA<\/span><\/strong>li\u0161\u010da &#8211;\u00a0<strong><span style=\"color: #ff0000;\">KLJUKA<\/span><\/strong>.<\/p>\n<p>Zima je na\u0161 \u010das, zato \u017ee nestrpno \u010dakamo sneg in mraz.<\/p>\n<p>V galeriji je poleg dogajanja v prvem vikendu \u0161e nekaj jesenskih utrinkov \ud83d\ude09<\/p>\n<p>V &#8220;<strong>komentarjih<\/strong>&#8221; lahko vpi\u0161ete svoja opa\u017eanja, predloge, vtise, povezave na zanimive strani, &#8230;. Vabljeni!<\/p>\n<p><strong><a href=\"https:\/\/www.facebook.com\/kalisce\/photos\/?tab=album&amp;album_id=10154666418447642\" target=\"_blank\">Galerija<\/a> &#8211; Janez, Roman in ostali<\/strong><\/p>\n","protected":false},"excerpt":{"rendered":"<p>V soboto, 1. oktobra, se je na Kali\u0161\u010du za\u010dela \u017ee 20. sezona vpisovanja v Klub LJubiteljev KAli\u0161\u010da &#8211;\u00a0KLJUKA. Zima je na\u0161 \u010das, zato \u017ee nestrpno \u010dakamo sneg in mraz. V galeriji je poleg dogajanja v prvem vikendu \u0161e nekaj jesenskih utrinkov \ud83d\ude09 V &#8220;komentarjih&#8221; lahko vpi\u0161ete svoja opa\u017eanja, predloge, vtise, povezave na zanimive strani, &#8230;. [&hellip;]<\/p>\n","protected":false},"author":2,"featured_media":0,"comment_status":"open","ping_status":"open","sticky":false,"template":"","format":"standard","meta":{"footnotes":""},"categories":[8,5],"tags":[],"_links":{"self":[{"href":"https:\/\/kalisce.com\/blog\/wp-json\/wp\/v2\/posts\/4590"}],"collection":[{"href":"https:\/\/kalisce.com\/blog\/wp-json\/wp\/v2\/posts"}],"about":[{"href":"https:\/\/kalisce.com\/blog\/wp-json\/wp\/v2\/types\/post"}],"author":[{"embeddable":true,"href":"https:\/\/kalisce.com\/blog\/wp-json\/wp\/v2\/users\/2"}],"replies":[{"embeddable":true,"href":"https:\/\/kalisce.com\/blog\/wp-json\/wp\/v2\/comments?post=4590"}],"version-history":[{"count":2,"href":"https:\/\/kalisce.com\/blog\/wp-json\/wp\/v2\/posts\/4590\/revisions"}],"predecessor-version":[{"id":4593,"href":"https:\/\/kalisce.com\/blog\/wp-json\/wp\/v2\/posts\/4590\/revisions\/4593"}],"wp:attachment":[{"href":"https:\/\/kalisce.com\/blog\/wp-json\/wp\/v2\/media?parent=4590"}],"wp:term":[{"taxonomy":"category","embeddable":true,"href":"https:\/\/kalisce.com\/blog\/wp-json\/wp\/v2\/categories?post=4590"},{"taxonomy":"post_tag","embeddable":true,"href":"https:\/\/kalisce.com\/blog\/wp-json\/wp\/v2\/tags?post=4590"}],"curies":[{"name":"wp","href":"https:\/\/api.w.org\/{rel}","templated":true}]}}