{"id":4610,"date":"2016-10-23T15:47:33","date_gmt":"2016-10-23T14:47:33","guid":{"rendered":"http:\/\/kalisce.com\/blog\/?p=4610"},"modified":"2016-10-24T11:10:24","modified_gmt":"2016-10-24T10:10:24","slug":"kam-le-cas-bezi","status":"publish","type":"post","link":"https:\/\/kalisce.com\/blog\/2016\/10\/23\/kam-le-cas-bezi\/","title":{"rendered":"Kam le \u010das be\u017ei&#8230;"},"content":{"rendered":"<div id=\"attachment_4611\" style=\"width: 310px\" class=\"wp-caption alignleft\"><a href=\"https:\/\/www.facebook.com\/kalisce\/photos\/?tab=album&amp;album_id=10154735711152642\" rel=\"attachment wp-att-4611\"><img loading=\"lazy\" decoding=\"async\" aria-describedby=\"caption-attachment-4611\" class=\"wp-image-4611 size-medium\" src=\"https:\/\/kalisce.com\/blog\/wp-content\/uploads\/2016\/10\/IMG_4864-300x225.jpg\" alt=\"Hudi\u010dkov bor\u0161t\" width=\"300\" height=\"225\" srcset=\"https:\/\/kalisce.com\/blog\/wp-content\/uploads\/2016\/10\/IMG_4864-300x225.jpg 300w, https:\/\/kalisce.com\/blog\/wp-content\/uploads\/2016\/10\/IMG_4864-150x113.jpg 150w, https:\/\/kalisce.com\/blog\/wp-content\/uploads\/2016\/10\/IMG_4864-768x577.jpg 768w, https:\/\/kalisce.com\/blog\/wp-content\/uploads\/2016\/10\/IMG_4864-1024x769.jpg 1024w, https:\/\/kalisce.com\/blog\/wp-content\/uploads\/2016\/10\/IMG_4864.jpg 1600w\" sizes=\"(max-width: 300px) 100vw, 300px\" \/><\/a><p id=\"caption-attachment-4611\" class=\"wp-caption-text\">Na Zaplati<\/p><\/div>\n<p>V drugi polovici oktobra smo do\u010dakali prvo &#8220;konkretno po\u0161iljko&#8221; snega, katerega pa je v sredogorju tudi hitro pobralo.<\/p>\n<p>Alpinisti so imeli izpite. Rezultatov \u0161e ni \ud83d\ude09<\/p>\n<p>Upamo, da sta ob svojem<strong> jubilejnem prazniku<\/strong> za trenutek odlo\u017eila delo <b>Ivan \u0160avs in Tone Jeri\u010d<\/b>, ki sta vsak na svoj na\u010din mo\u010dno zaznamovala dogajanje na Kali\u0161\u010du. Vse najbolj\u0161e obema!<br \/>\n<strong><a href=\"http:\/\/www.klub-trmastih.si\/skraping07.htm\" target=\"_blank\">Pred kratkim &#8211; \u0160kraping<\/a><\/strong> \ud83d\ude42<\/p>\n<p><strong><a href=\"https:\/\/youtu.be\/LpqIykJlZmU\" target=\"_blank\">\u010cestitke in pozdravi<\/a><\/strong><\/p>\n<p><strong><a href=\"https:\/\/www.facebook.com\/kalisce\/photos\/?tab=album&amp;album_id=10154735711152642\" target=\"_blank\">Galerija<\/a>\u00a0&#8211; Roman, Janez &amp; Co<\/strong><\/p>\n<p><strong><a href=\"https:\/\/kalisce.com\/blog\/wp-content\/uploads\/2016\/10\/Vpisi_2016_17_22.10.2016.pdf\" target=\"_blank\">KLJUKA &#8211; vpisi vklju\u010dno do 22.10.2016<\/a><\/strong><\/p>\n","protected":false},"excerpt":{"rendered":"<p>V drugi polovici oktobra smo do\u010dakali prvo &#8220;konkretno po\u0161iljko&#8221; snega, katerega pa je v sredogorju tudi hitro pobralo. Alpinisti so imeli izpite. Rezultatov \u0161e ni \ud83d\ude09 Upamo, da sta ob svojem jubilejnem prazniku za trenutek odlo\u017eila delo Ivan \u0160avs in Tone Jeri\u010d, ki sta vsak na svoj na\u010din mo\u010dno zaznamovala dogajanje na Kali\u0161\u010du. Vse najbolj\u0161e [&hellip;]<\/p>\n","protected":false},"author":2,"featured_media":0,"comment_status":"open","ping_status":"open","sticky":false,"template":"","format":"standard","meta":{"footnotes":""},"categories":[5],"tags":[],"_links":{"self":[{"href":"https:\/\/kalisce.com\/blog\/wp-json\/wp\/v2\/posts\/4610"}],"collection":[{"href":"https:\/\/kalisce.com\/blog\/wp-json\/wp\/v2\/posts"}],"about":[{"href":"https:\/\/kalisce.com\/blog\/wp-json\/wp\/v2\/types\/post"}],"author":[{"embeddable":true,"href":"https:\/\/kalisce.com\/blog\/wp-json\/wp\/v2\/users\/2"}],"replies":[{"embeddable":true,"href":"https:\/\/kalisce.com\/blog\/wp-json\/wp\/v2\/comments?post=4610"}],"version-history":[{"count":9,"href":"https:\/\/kalisce.com\/blog\/wp-json\/wp\/v2\/posts\/4610\/revisions"}],"predecessor-version":[{"id":4621,"href":"https:\/\/kalisce.com\/blog\/wp-json\/wp\/v2\/posts\/4610\/revisions\/4621"}],"wp:attachment":[{"href":"https:\/\/kalisce.com\/blog\/wp-json\/wp\/v2\/media?parent=4610"}],"wp:term":[{"taxonomy":"category","embeddable":true,"href":"https:\/\/kalisce.com\/blog\/wp-json\/wp\/v2\/categories?post=4610"},{"taxonomy":"post_tag","embeddable":true,"href":"https:\/\/kalisce.com\/blog\/wp-json\/wp\/v2\/tags?post=4610"}],"curies":[{"name":"wp","href":"https:\/\/api.w.org\/{rel}","templated":true}]}}