{"id":462,"date":"2009-01-26T14:01:11","date_gmt":"2009-01-26T12:01:11","guid":{"rendered":"http:\/\/kalisce.com\/blog\/?p=462"},"modified":"2009-01-26T18:18:49","modified_gmt":"2009-01-26T16:18:49","slug":"nedeljski-veter","status":"publish","type":"post","link":"https:\/\/kalisce.com\/blog\/2009\/01\/26\/nedeljski-veter\/","title":{"rendered":"Nedeljski veter"},"content":{"rendered":"<p>\u00a0<\/p>\n<div id=\"attachment_463\" style=\"width: 360px\" class=\"wp-caption alignleft\"><a href=\"https:\/\/kalisce.com\/blog\/foto\/2008\/090125\/index.html\"><img loading=\"lazy\" decoding=\"async\" aria-describedby=\"caption-attachment-463\" class=\"size-full wp-image-463\" title=\"Dereze!\" src=\"https:\/\/kalisce.com\/blog\/wp-content\/uploads\/2009\/01\/img_1347.jpg\" alt=\"Monta\u017ea derez\" width=\"350\" height=\"263\" srcset=\"https:\/\/kalisce.com\/blog\/wp-content\/uploads\/2009\/01\/img_1347.jpg 350w, https:\/\/kalisce.com\/blog\/wp-content\/uploads\/2009\/01\/img_1347-150x112.jpg 150w, https:\/\/kalisce.com\/blog\/wp-content\/uploads\/2009\/01\/img_1347-300x225.jpg 300w\" sizes=\"(max-width: 350px) 100vw, 350px\" \/><\/a><p id=\"caption-attachment-463\" class=\"wp-caption-text\">Monta\u017ea derez<\/p><\/div>\n<p>Smo sredi zime, zato bi morala biti monta\u017ea derez \u017ee rutina \ud83d\ude42 !? \u00a0Nekatere izvedbe pripomo\u010dkov proti drsenju \u010devljev po strmem in ledenem bregu so za privezovanje na obuvala zahtevnej\u0161e, zato vzamejo tudi ve\u010d \u010dasa \ud83d\ude44 !<br \/>\nVreme je bilo tokrat zelo spremenljivo: v petek zve\u010der sne\u017eenje, v soboto zjutraj jasno, popoldan oblaki, megla in sneg, nedeljsko jutro zelo vetrovno, temperatura pa ves \u010das okoli minus 6\u00b0C.<\/p>\n<p>V ko\u010di se tokrat ni nih\u010de pohvalil z osvojitvijo vrha Stor\u017ei\u010da. Vremenske pogoje je treba spo\u0161tovati!<\/p>\n<p>V za\u010detku aprila bomo organizirali \u017ee<strong> deseto<\/strong> ponovitev vzdr\u017ejivostnega preizkusa <strong><a href=\"https:\/\/kalisce.com\/blog\/12-ur-kalisca\/\">12 UR KALI\u0160\u010cA<\/a><\/strong>. Prijavite se pravo\u010dasno!<\/p>\n<p>Pretekli teden smo imeli na Jo\u0161tu zanimivo tekmovanje: <strong><a href=\"http:\/\/www.boltez.si\/jostek\/index.htm\">Jo\u0161Tek.<\/a><br \/>\n<a href=\"http:\/\/www.gorenjskiglas.si\/novice\/sport\/index.php?action=clanek&amp;id=28461\">Prispevek v Gorenjskem Glasu<\/a><\/strong><\/p>\n<p><strong><a href=\"https:\/\/kalisce.com\/blog\/foto\/2008\/090125\/index.html\">Galerija<br \/>\n<a href=\"https:\/\/kalisce.com\/blog\/vpisi\/2008\/090125.pdf\">Seznam vpisanih KLJUK &#8211; 25.01.2009<\/a>\u00a0<\/a>\u00a0&#8211;<\/strong> imamo \u017ee 310 registriranih KLJUK<\/p>\n","protected":false},"excerpt":{"rendered":"<p>\u00a0 Smo sredi zime, zato bi morala biti monta\u017ea derez \u017ee rutina \ud83d\ude42 !? \u00a0Nekatere izvedbe pripomo\u010dkov proti drsenju \u010devljev po strmem in ledenem bregu so za privezovanje na obuvala zahtevnej\u0161e, zato vzamejo tudi ve\u010d \u010dasa \ud83d\ude44 ! Vreme je bilo tokrat zelo spremenljivo: v petek zve\u010der sne\u017eenje, v soboto zjutraj jasno, popoldan oblaki, megla [&hellip;]<\/p>\n","protected":false},"author":2,"featured_media":0,"comment_status":"open","ping_status":"open","sticky":false,"template":"","format":"standard","meta":{"footnotes":""},"categories":[9,8],"tags":[],"_links":{"self":[{"href":"https:\/\/kalisce.com\/blog\/wp-json\/wp\/v2\/posts\/462"}],"collection":[{"href":"https:\/\/kalisce.com\/blog\/wp-json\/wp\/v2\/posts"}],"about":[{"href":"https:\/\/kalisce.com\/blog\/wp-json\/wp\/v2\/types\/post"}],"author":[{"embeddable":true,"href":"https:\/\/kalisce.com\/blog\/wp-json\/wp\/v2\/users\/2"}],"replies":[{"embeddable":true,"href":"https:\/\/kalisce.com\/blog\/wp-json\/wp\/v2\/comments?post=462"}],"version-history":[{"count":8,"href":"https:\/\/kalisce.com\/blog\/wp-json\/wp\/v2\/posts\/462\/revisions"}],"predecessor-version":[{"id":469,"href":"https:\/\/kalisce.com\/blog\/wp-json\/wp\/v2\/posts\/462\/revisions\/469"}],"wp:attachment":[{"href":"https:\/\/kalisce.com\/blog\/wp-json\/wp\/v2\/media?parent=462"}],"wp:term":[{"taxonomy":"category","embeddable":true,"href":"https:\/\/kalisce.com\/blog\/wp-json\/wp\/v2\/categories?post=462"},{"taxonomy":"post_tag","embeddable":true,"href":"https:\/\/kalisce.com\/blog\/wp-json\/wp\/v2\/tags?post=462"}],"curies":[{"name":"wp","href":"https:\/\/api.w.org\/{rel}","templated":true}]}}