{"id":4622,"date":"2016-10-30T18:11:16","date_gmt":"2016-10-30T17:11:16","guid":{"rendered":"http:\/\/kalisce.com\/blog\/?p=4622"},"modified":"2016-11-07T08:40:04","modified_gmt":"2016-11-07T07:40:04","slug":"21-ljubljanski-maraton","status":"publish","type":"post","link":"https:\/\/kalisce.com\/blog\/2016\/10\/30\/21-ljubljanski-maraton\/","title":{"rendered":"21. Ljubljanski maraton"},"content":{"rendered":"<div id=\"attachment_4623\" style=\"width: 310px\" class=\"wp-caption alignleft\"><a href=\"https:\/\/www.facebook.com\/kalisce\/photos\/?tab=album&amp;album_id=10154758643947642\"><img loading=\"lazy\" decoding=\"async\" aria-describedby=\"caption-attachment-4623\" class=\"wp-image-4623 size-medium\" src=\"https:\/\/kalisce.com\/blog\/wp-content\/uploads\/2016\/10\/IMG_3945-300x225.jpg\" alt=\"Udele\u017eenec vseh Lj maratonov\" width=\"300\" height=\"225\" srcset=\"https:\/\/kalisce.com\/blog\/wp-content\/uploads\/2016\/10\/IMG_3945-300x225.jpg 300w, https:\/\/kalisce.com\/blog\/wp-content\/uploads\/2016\/10\/IMG_3945-150x113.jpg 150w, https:\/\/kalisce.com\/blog\/wp-content\/uploads\/2016\/10\/IMG_3945-768x576.jpg 768w, https:\/\/kalisce.com\/blog\/wp-content\/uploads\/2016\/10\/IMG_3945-1024x768.jpg 1024w, https:\/\/kalisce.com\/blog\/wp-content\/uploads\/2016\/10\/IMG_3945.jpg 1600w\" sizes=\"(max-width: 300px) 100vw, 300px\" \/><\/a><p id=\"caption-attachment-4623\" class=\"wp-caption-text\">Peter Macuh &#8211; legenda Lj &#8211; maratona<\/p><\/div>\n<p>Krompirjeve po\u010ditnice (vikend, reformacija, dan mrtvih) so bile ravno v \u010dasu <strong>21. Ljubljanskega maratona<\/strong>.<br \/>\nRekordna udele\u017eba je bila nagrajena \u0161e z lepim vremenom. V ogromni mno\u017eici teka\u010dev je bil \u017ee spet <strong>Peter Macuh<\/strong>, udele\u017eenec prav vseh enaindvajsetih ljubljanskih maratonov, kot tudi na vseh na\u0161ih tekmah na Kali\u0161\u010du. \u010cestitke!<br \/>\nV Ljubljani je teklo veliko na\u0161ih hribovcev \ud83d\ude42<\/p>\n<p>Med minulimi prazniki je bilo tudi vreme zelo prazni\u010dno.<br \/>\nPo hribih je sneg pobralo. Naslednji vikend bomo dobili novo po\u0161iljko.<\/p>\n<p><strong><a href=\"https:\/\/www.facebook.com\/kalisce\/photos\/?tab=album&amp;album_id=10154758643947642\" target=\"_blank\">Galerija <\/a>&#8211; Ljubljanski maraton<\/strong><\/p>\n<p><strong><a href=\"https:\/\/www.facebook.com\/kalisce\/photos\/?tab=album&amp;album_id=10154758751852642\" target=\"_blank\">Galerija <\/a>&#8211; Janez<\/strong><\/p>\n<p><strong><a href=\"https:\/\/kalisce.com\/blog\/wp-content\/uploads\/2016\/10\/Vpisi_2016_17_31.10.2016.pdf\" target=\"_blank\">KLJUKA &#8211; vpisi do vklju\u010dno 31.10.2016<\/a><\/strong><\/p>\n","protected":false},"excerpt":{"rendered":"<p>Krompirjeve po\u010ditnice (vikend, reformacija, dan mrtvih) so bile ravno v \u010dasu 21. Ljubljanskega maratona. Rekordna udele\u017eba je bila nagrajena \u0161e z lepim vremenom. V ogromni mno\u017eici teka\u010dev je bil \u017ee spet Peter Macuh, udele\u017eenec prav vseh enaindvajsetih ljubljanskih maratonov, kot tudi na vseh na\u0161ih tekmah na Kali\u0161\u010du. \u010cestitke! V Ljubljani je teklo veliko na\u0161ih hribovcev [&hellip;]<\/p>\n","protected":false},"author":2,"featured_media":0,"comment_status":"open","ping_status":"open","sticky":false,"template":"","format":"standard","meta":{"footnotes":""},"categories":[5],"tags":[],"_links":{"self":[{"href":"https:\/\/kalisce.com\/blog\/wp-json\/wp\/v2\/posts\/4622"}],"collection":[{"href":"https:\/\/kalisce.com\/blog\/wp-json\/wp\/v2\/posts"}],"about":[{"href":"https:\/\/kalisce.com\/blog\/wp-json\/wp\/v2\/types\/post"}],"author":[{"embeddable":true,"href":"https:\/\/kalisce.com\/blog\/wp-json\/wp\/v2\/users\/2"}],"replies":[{"embeddable":true,"href":"https:\/\/kalisce.com\/blog\/wp-json\/wp\/v2\/comments?post=4622"}],"version-history":[{"count":7,"href":"https:\/\/kalisce.com\/blog\/wp-json\/wp\/v2\/posts\/4622\/revisions"}],"predecessor-version":[{"id":4642,"href":"https:\/\/kalisce.com\/blog\/wp-json\/wp\/v2\/posts\/4622\/revisions\/4642"}],"wp:attachment":[{"href":"https:\/\/kalisce.com\/blog\/wp-json\/wp\/v2\/media?parent=4622"}],"wp:term":[{"taxonomy":"category","embeddable":true,"href":"https:\/\/kalisce.com\/blog\/wp-json\/wp\/v2\/categories?post=4622"},{"taxonomy":"post_tag","embeddable":true,"href":"https:\/\/kalisce.com\/blog\/wp-json\/wp\/v2\/tags?post=4622"}],"curies":[{"name":"wp","href":"https:\/\/api.w.org\/{rel}","templated":true}]}}