{"id":4874,"date":"2017-04-29T16:22:54","date_gmt":"2017-04-29T15:22:54","guid":{"rendered":"http:\/\/kalisce.com\/blog\/?p=4874"},"modified":"2017-08-07T11:55:18","modified_gmt":"2017-08-07T10:55:18","slug":"rudijevega-mostu-ni-vec","status":"publish","type":"post","link":"https:\/\/kalisce.com\/blog\/2017\/04\/29\/rudijevega-mostu-ni-vec\/","title":{"rendered":"Rudijevega mostu ni ve\u010d, 1.maj"},"content":{"rendered":"<div id=\"attachment_4875\" style=\"width: 310px\" class=\"wp-caption alignleft\"><a href=\"https:\/\/www.facebook.com\/pg\/kalisce\/photos\/?tab=album&amp;album_id=10155387552712642\"><img loading=\"lazy\" decoding=\"async\" aria-describedby=\"caption-attachment-4875\" class=\"wp-image-4875 size-medium\" src=\"https:\/\/kalisce.com\/blog\/wp-content\/uploads\/2017\/04\/IMG_5860-300x225.jpg\" alt=\"Mesto nesre\u010de\" width=\"300\" height=\"225\" srcset=\"https:\/\/kalisce.com\/blog\/wp-content\/uploads\/2017\/04\/IMG_5860-300x225.jpg 300w, https:\/\/kalisce.com\/blog\/wp-content\/uploads\/2017\/04\/IMG_5860-150x113.jpg 150w, https:\/\/kalisce.com\/blog\/wp-content\/uploads\/2017\/04\/IMG_5860-768x576.jpg 768w, https:\/\/kalisce.com\/blog\/wp-content\/uploads\/2017\/04\/IMG_5860-1024x768.jpg 1024w, https:\/\/kalisce.com\/blog\/wp-content\/uploads\/2017\/04\/IMG_5860.jpg 1600w\" sizes=\"(max-width: 300px) 100vw, 300px\" \/><\/a><p id=\"caption-attachment-4875\" class=\"wp-caption-text\">Mesto nesre\u010de<\/p><\/div>\n<p>Jeseni leta 2007 je <strong>Rudi Lanz<\/strong> postavil most \u010dez potok. Ve\u010d kot odli\u010dno je skoraj 10 let slu\u017eil svojemu namenu.<br \/>\nObilno de\u017eevje pa ga je s pomo\u010djo naplavljenega lesa odneslo v dolino \ud83d\ude41<br \/>\nMost ni bil zavarovan&#8230;.<\/p>\n<p>Pogre\u0161ali ga bomo.<\/p>\n<p>Hvala po\u017ertvovalnim <strong>gasilcem in Janezu<\/strong>, da so pred uni\u010denjem re\u0161ili most na cesti malo ni\u017eje.<\/p>\n<p><strong><a href=\"https:\/\/www.facebook.com\/pg\/kalisce\/photos\/?tab=album&amp;album_id=10155375772912642\">Galerija<\/a>\u00a0&#8211; most<\/strong><\/p>\n<p><strong>Prvomajski prazniki<\/strong> so mimo \ud83d\ude42<br \/>\nTisti, ki nismo \u0161li \u010dez mejo, smo se preganjali po doma\u010dih koncih.<br \/>\n<strong>Janez, Toma\u017e in Primo\u017e<\/strong> so imeli najvi\u0161ji kres v Sloveniji! \u010cestitke!<br \/>\nDrugega maja je bil tradicionalni pohod <strong>Giro di Sora<\/strong>. Start v Sori, kon\u010dni cilj &#8211; Verje \ud83d\ude42<\/p>\n<p><strong><a href=\"https:\/\/www.facebook.com\/pg\/kalisce\/photos\/?tab=album&amp;album_id=10155387552712642\">Galerija<\/a>\u00a0&#8211; prvi maj 2017<\/strong><\/p>\n","protected":false},"excerpt":{"rendered":"<p>Jeseni leta 2007 je Rudi Lanz postavil most \u010dez potok. Ve\u010d kot odli\u010dno je skoraj 10 let slu\u017eil svojemu namenu. Obilno de\u017eevje pa ga je s pomo\u010djo naplavljenega lesa odneslo v dolino \ud83d\ude41 Most ni bil zavarovan&#8230;. Pogre\u0161ali ga bomo. Hvala po\u017ertvovalnim gasilcem in Janezu, da so pred uni\u010denjem re\u0161ili most na cesti malo ni\u017eje. [&hellip;]<\/p>\n","protected":false},"author":2,"featured_media":0,"comment_status":"open","ping_status":"open","sticky":false,"template":"","format":"standard","meta":{"footnotes":""},"categories":[5],"tags":[],"_links":{"self":[{"href":"https:\/\/kalisce.com\/blog\/wp-json\/wp\/v2\/posts\/4874"}],"collection":[{"href":"https:\/\/kalisce.com\/blog\/wp-json\/wp\/v2\/posts"}],"about":[{"href":"https:\/\/kalisce.com\/blog\/wp-json\/wp\/v2\/types\/post"}],"author":[{"embeddable":true,"href":"https:\/\/kalisce.com\/blog\/wp-json\/wp\/v2\/users\/2"}],"replies":[{"embeddable":true,"href":"https:\/\/kalisce.com\/blog\/wp-json\/wp\/v2\/comments?post=4874"}],"version-history":[{"count":8,"href":"https:\/\/kalisce.com\/blog\/wp-json\/wp\/v2\/posts\/4874\/revisions"}],"predecessor-version":[{"id":4931,"href":"https:\/\/kalisce.com\/blog\/wp-json\/wp\/v2\/posts\/4874\/revisions\/4931"}],"wp:attachment":[{"href":"https:\/\/kalisce.com\/blog\/wp-json\/wp\/v2\/media?parent=4874"}],"wp:term":[{"taxonomy":"category","embeddable":true,"href":"https:\/\/kalisce.com\/blog\/wp-json\/wp\/v2\/categories?post=4874"},{"taxonomy":"post_tag","embeddable":true,"href":"https:\/\/kalisce.com\/blog\/wp-json\/wp\/v2\/tags?post=4874"}],"curies":[{"name":"wp","href":"https:\/\/api.w.org\/{rel}","templated":true}]}}