{"id":508,"date":"2009-02-09T19:11:06","date_gmt":"2009-02-09T17:11:06","guid":{"rendered":"http:\/\/kalisce.com\/blog\/?p=508"},"modified":"2009-02-10T17:34:39","modified_gmt":"2009-02-10T15:34:39","slug":"8-februar-kulturni-praznik","status":"publish","type":"post","link":"https:\/\/kalisce.com\/blog\/2009\/02\/09\/8-februar-kulturni-praznik\/","title":{"rendered":"8. februar &#8211; kulturni praznik"},"content":{"rendered":"<div id=\"attachment_509\" style=\"width: 360px\" class=\"wp-caption alignleft\"><a href=\"https:\/\/kalisce.com\/blog\/foto\/2008\/090208\/index.html\"><img loading=\"lazy\" decoding=\"async\" aria-describedby=\"caption-attachment-509\" class=\"size-full wp-image-509\" title=\"Vse za \u010disto okolje!?\" src=\"https:\/\/kalisce.com\/blog\/wp-content\/uploads\/2009\/02\/img_1444.jpg\" alt=\"Sledi pravih planincev!\" width=\"350\" height=\"273\" srcset=\"https:\/\/kalisce.com\/blog\/wp-content\/uploads\/2009\/02\/img_1444.jpg 350w, https:\/\/kalisce.com\/blog\/wp-content\/uploads\/2009\/02\/img_1444-150x117.jpg 150w, https:\/\/kalisce.com\/blog\/wp-content\/uploads\/2009\/02\/img_1444-300x234.jpg 300w\" sizes=\"(max-width: 350px) 100vw, 350px\" \/><\/a><p id=\"caption-attachment-509\" class=\"wp-caption-text\">Sledi pravih planincev!<\/p><\/div>\n<p>Letos je \u0161el \u0161e en praznik v fran\u017ee, saj je Pre\u0161ernov dan padel na nedeljo. Da je bil praznik \u0161e bolj sve\u010dan (beri mrtev), je poskrbelo tudi vreme, saj je po de\u017eevni soboti\u00a0na\u0161e kraje zajel\u00a0orkanski veter s snegom.<br \/>\nZa neprijetno presene\u010denje je poskrbel &#8220;zelo ozave\u0161\u010deni&#8221; \u00a0planinec, ki je med tednom pustil na mizi pod teraso nekaj sledi. Dokaz v <a href=\"https:\/\/kalisce.com\/blog\/foto\/2008\/090208\/index.html\"><strong>galeriji<\/strong><\/a>.<\/p>\n<p>V nedeljo je bila tudi zadnja tekma <a href=\"https:\/\/kalisce.com\/blog\/zimska-liga\/\"><strong>ZIMSKE LIGE 2008\/2009<\/strong>\u00a0<\/a>. \u00a0Najlep\u0161e se zahvaljujemo na\u0161im sponzorjem:<strong> <\/strong><a href=\"http:\/\/www.koala-sport.si\/\"><strong>Koala Bled<\/strong><\/a><strong>, <\/strong><a href=\"http:\/\/www.rekreativec.si\/\"><strong>Rekreativec.si<\/strong><\/a><strong>, <\/strong><a href=\"http:\/\/www.lubcon.si\/\"><strong>Lubcon<\/strong>\u00a0<\/a>in <a href=\"http:\/\/tadejabrankovic.si\/\"><strong>Tadeja Brankovi\u010d \u0161port<\/strong><\/a>! Hvala!<\/p>\n<p>Hvala vsem, ki ste prijeli za lopato in o\u010distili sneg okoli ko\u010de na Kali\u0161\u010du!<\/p>\n<p>Snega je v visokogorju \u010dez glavo, zato je velika nevarnost sne\u017enih plazov. Tega se otroci ne zavedajo! Poglejte <a href=\"http:\/\/www.youtube.com\/watch?v=XcKkKIlezxQ\"><strong>dokaz<\/strong><\/a>!<\/p>\n<p>\u0160e o projektu<strong> Ivana \u0160avsa<\/strong><span>: \u00a0pet vikendov (10 dni) bo izvajal ultra trening za krepitev\u00a0vztrajnosti, potrpe\u017eljivosti in volje. Od 6ih zjutraj pa najve\u010d do 6ih zve\u010der, bo hodil (tekel)\u00a0<strong>od potoka<\/strong>, <strong>do ko\u010de na <\/strong><strong>Kali\u0161\u010du (in nazaj dol)\u00a0<\/strong>&#8211; <strong>830 <\/strong>vi\u0161inskih metrov razlike. Prvi vikend je opravil <strong>16<\/strong> vzponov, pretekli vikend pa je v de\u017eju in snegu opravil <strong>14<\/strong> krogov (7 v soboto in 7 v nedeljo). Vsak dan je bil v pogonu dobrih 10 ur. \ud83d\ude2f \u00a0Pred njim so \u0161e trije vikendi! \u00a0Sre\u010dno!<\/span><\/p>\n<p><strong><a href=\"https:\/\/kalisce.com\/blog\/foto\/2008\/090208\/index.html\">Galerija<\/a><\/strong><\/p>\n<p><strong><a href=\"https:\/\/kalisce.com\/blog\/vpisi\/2008\/090208.pdf\">Seznam vpisanih KLJUK &#8211; 08.02.2009<\/a><br \/>\n<\/strong><\/p>\n","protected":false},"excerpt":{"rendered":"<p>Letos je \u0161el \u0161e en praznik v fran\u017ee, saj je Pre\u0161ernov dan padel na nedeljo. Da je bil praznik \u0161e bolj sve\u010dan (beri mrtev), je poskrbelo tudi vreme, saj je po de\u017eevni soboti\u00a0na\u0161e kraje zajel\u00a0orkanski veter s snegom. Za neprijetno presene\u010denje je poskrbel &#8220;zelo ozave\u0161\u010deni&#8221; \u00a0planinec, ki je med tednom pustil na mizi pod teraso [&hellip;]<\/p>\n","protected":false},"author":2,"featured_media":0,"comment_status":"open","ping_status":"open","sticky":false,"template":"","format":"standard","meta":{"footnotes":""},"categories":[9,8],"tags":[],"_links":{"self":[{"href":"https:\/\/kalisce.com\/blog\/wp-json\/wp\/v2\/posts\/508"}],"collection":[{"href":"https:\/\/kalisce.com\/blog\/wp-json\/wp\/v2\/posts"}],"about":[{"href":"https:\/\/kalisce.com\/blog\/wp-json\/wp\/v2\/types\/post"}],"author":[{"embeddable":true,"href":"https:\/\/kalisce.com\/blog\/wp-json\/wp\/v2\/users\/2"}],"replies":[{"embeddable":true,"href":"https:\/\/kalisce.com\/blog\/wp-json\/wp\/v2\/comments?post=508"}],"version-history":[{"count":15,"href":"https:\/\/kalisce.com\/blog\/wp-json\/wp\/v2\/posts\/508\/revisions"}],"predecessor-version":[{"id":518,"href":"https:\/\/kalisce.com\/blog\/wp-json\/wp\/v2\/posts\/508\/revisions\/518"}],"wp:attachment":[{"href":"https:\/\/kalisce.com\/blog\/wp-json\/wp\/v2\/media?parent=508"}],"wp:term":[{"taxonomy":"category","embeddable":true,"href":"https:\/\/kalisce.com\/blog\/wp-json\/wp\/v2\/categories?post=508"},{"taxonomy":"post_tag","embeddable":true,"href":"https:\/\/kalisce.com\/blog\/wp-json\/wp\/v2\/tags?post=508"}],"curies":[{"name":"wp","href":"https:\/\/api.w.org\/{rel}","templated":true}]}}