{"id":549,"date":"2009-02-19T23:39:31","date_gmt":"2009-02-19T21:39:31","guid":{"rendered":"http:\/\/kalisce.com\/blog\/?p=549"},"modified":"2009-02-24T16:18:20","modified_gmt":"2009-02-24T14:18:20","slug":"kljuke-na-kredarici","status":"publish","type":"post","link":"https:\/\/kalisce.com\/blog\/2009\/02\/19\/kljuke-na-kredarici\/","title":{"rendered":"KLJUKE na Kredarici"},"content":{"rendered":"<div id=\"attachment_550\" style=\"width: 360px\" class=\"wp-caption alignleft\"><a href=\"https:\/\/kalisce.com\/blog\/foto\/2008\/kred09\/index.html\"><img loading=\"lazy\" decoding=\"async\" aria-describedby=\"caption-attachment-550\" class=\"size-full wp-image-550\" title=\"Triglavski dom\" src=\"https:\/\/kalisce.com\/blog\/wp-content\/uploads\/2009\/02\/img_1628.jpg\" alt=\"Triglavski dom\" width=\"350\" height=\"263\" srcset=\"https:\/\/kalisce.com\/blog\/wp-content\/uploads\/2009\/02\/img_1628.jpg 350w, https:\/\/kalisce.com\/blog\/wp-content\/uploads\/2009\/02\/img_1628-150x112.jpg 150w, https:\/\/kalisce.com\/blog\/wp-content\/uploads\/2009\/02\/img_1628-300x225.jpg 300w\" sizes=\"(max-width: 350px) 100vw, 350px\" \/><\/a><p id=\"caption-attachment-550\" class=\"wp-caption-text\">Triglavski dom<\/p><\/div>\n<p>V \u010detrtek smo osvojili <strong>Kredarico<\/strong>.<\/p>\n<p>Poro\u010dilo bo kratko &#8211; v nasprotju z izletom.<\/p>\n<p>Vreme super, dru\u017eba \u0161e bolj\u0161a, snega veliko, temperatura tako nizka, da \u0161e termometri trpijo (-17\u00b0C)&#8230;.<\/p>\n<p>Vse povedo slike v <a href=\"https:\/\/kalisce.com\/blog\/foto\/2008\/kred09\/index.html\"><strong>galeriji<\/strong><\/a>.<\/p>\n<p>\u0160e ena<strong> <a href=\"https:\/\/kalisce.com\/blog\/foto\/2008\/kredjan\/index.html\">galerija &#8211; foto Janez<\/a><\/strong><\/p>\n<p><strong><a href=\"http:\/\/www.youtube.com\/watch?v=eEkFOQSmmL8\">Film<\/a><\/strong><\/p>\n","protected":false},"excerpt":{"rendered":"<p>V \u010detrtek smo osvojili Kredarico. Poro\u010dilo bo kratko &#8211; v nasprotju z izletom. Vreme super, dru\u017eba \u0161e bolj\u0161a, snega veliko, temperatura tako nizka, da \u0161e termometri trpijo (-17\u00b0C)&#8230;. Vse povedo slike v galeriji. \u0160e ena galerija &#8211; foto Janez Film<\/p>\n","protected":false},"author":2,"featured_media":0,"comment_status":"open","ping_status":"open","sticky":false,"template":"","format":"standard","meta":{"footnotes":""},"categories":[9,11,8],"tags":[],"_links":{"self":[{"href":"https:\/\/kalisce.com\/blog\/wp-json\/wp\/v2\/posts\/549"}],"collection":[{"href":"https:\/\/kalisce.com\/blog\/wp-json\/wp\/v2\/posts"}],"about":[{"href":"https:\/\/kalisce.com\/blog\/wp-json\/wp\/v2\/types\/post"}],"author":[{"embeddable":true,"href":"https:\/\/kalisce.com\/blog\/wp-json\/wp\/v2\/users\/2"}],"replies":[{"embeddable":true,"href":"https:\/\/kalisce.com\/blog\/wp-json\/wp\/v2\/comments?post=549"}],"version-history":[{"count":5,"href":"https:\/\/kalisce.com\/blog\/wp-json\/wp\/v2\/posts\/549\/revisions"}],"predecessor-version":[{"id":554,"href":"https:\/\/kalisce.com\/blog\/wp-json\/wp\/v2\/posts\/549\/revisions\/554"}],"wp:attachment":[{"href":"https:\/\/kalisce.com\/blog\/wp-json\/wp\/v2\/media?parent=549"}],"wp:term":[{"taxonomy":"category","embeddable":true,"href":"https:\/\/kalisce.com\/blog\/wp-json\/wp\/v2\/categories?post=549"},{"taxonomy":"post_tag","embeddable":true,"href":"https:\/\/kalisce.com\/blog\/wp-json\/wp\/v2\/tags?post=549"}],"curies":[{"name":"wp","href":"https:\/\/api.w.org\/{rel}","templated":true}]}}