{"id":5730,"date":"2020-06-21T15:30:07","date_gmt":"2020-06-21T14:30:07","guid":{"rendered":"http:\/\/kalisce.com\/blog\/?p=5730"},"modified":"2020-06-26T12:48:10","modified_gmt":"2020-06-26T11:48:10","slug":"uradni-zakljucek-sezone-2019-2020","status":"publish","type":"post","link":"https:\/\/kalisce.com\/blog\/2020\/06\/21\/uradni-zakljucek-sezone-2019-2020\/","title":{"rendered":"Uradni zaklju\u010dek sezone 2019\/2020"},"content":{"rendered":"<div id=\"attachment_5732\" style=\"width: 310px\" class=\"wp-caption alignleft\"><a href=\"https:\/\/www.facebook.com\/pg\/kalisce\/photos\/?tab=album&amp;album_id=10158868266337642\"><img loading=\"lazy\" decoding=\"async\" aria-describedby=\"caption-attachment-5732\" class=\"wp-image-5732 size-medium\" src=\"https:\/\/kalisce.com\/blog\/wp-content\/uploads\/2020\/06\/IMG_6791-300x225.jpg\" alt=\"Konec sezone 2019\/2020\" width=\"300\" height=\"225\" srcset=\"https:\/\/kalisce.com\/blog\/wp-content\/uploads\/2020\/06\/IMG_6791-300x225.jpg 300w, https:\/\/kalisce.com\/blog\/wp-content\/uploads\/2020\/06\/IMG_6791-1024x768.jpg 1024w, https:\/\/kalisce.com\/blog\/wp-content\/uploads\/2020\/06\/IMG_6791-150x113.jpg 150w, https:\/\/kalisce.com\/blog\/wp-content\/uploads\/2020\/06\/IMG_6791-768x576.jpg 768w, https:\/\/kalisce.com\/blog\/wp-content\/uploads\/2020\/06\/IMG_6791-1536x1152.jpg 1536w, https:\/\/kalisce.com\/blog\/wp-content\/uploads\/2020\/06\/IMG_6791.jpg 2016w\" sizes=\"(max-width: 300px) 100vw, 300px\" \/><\/a><p id=\"caption-attachment-5732\" class=\"wp-caption-text\">Konec sezone 2019\/2020<\/p><\/div>\n<p><strong>Triindvajseta<\/strong> sezona za <a href=\"https:\/\/kalisce.com\/blog\/kljuka\/\"><strong>KLJUKE<\/strong> <\/a>je bila letos malo druga\u010dna.<br \/>\nZaradi izrednih zdravstvenih razmer se je pred\u010dasno kon\u010dala, uradni zaklju\u010dek z veselico pa je bil \u0161ele v soboto 20. junija.<br \/>\nZadnji pomladni dan v letu je bilo tudi vreme &#8220;pomladansko&#8221;.<\/p>\n<p>V imenu KLJUK se zahvaljujem predsedniku <strong>Verhov\u0161ku<\/strong> za vlo\u017een trud na razli\u010dnih podro\u010djih preko cele sezone.<br \/>\nHvala tudi oskrbnikoma <strong>Kristini<\/strong> in <strong>Goranu, <\/strong>vsem<strong> sponzorjem, <\/strong>predvsem pa <strong>Janezu<\/strong> za vso foto dokumentacijo!<\/p>\n<p>Nasvidenje jeseni na za\u010detku <strong>24. sezone<\/strong>!<\/p>\n<p><strong><a href=\"https:\/\/www.facebook.com\/pg\/kalisce\/photos\/?tab=album&amp;album_id=10158868266337642\">Galerija<\/a> &#8211; Janez Rebernik<\/strong><\/p>\n<p><strong><a href=\"https:\/\/kalisce.com\/blog\/wp-content\/uploads\/2020\/06\/P1000841-scaled.jpg\">Gasilska<\/a><\/strong><\/p>\n<p><strong><a href=\"https:\/\/kalisce.com\/blog\/wp-content\/uploads\/2020\/06\/P1000844-scaled.jpg\">Gasilska drugi\u010d<\/a><\/strong><\/p>\n<p><strong><a href=\"https:\/\/www.facebook.com\/pg\/kalisce\/photos\/?tab=album&amp;album_id=10158885103472642\">Lubadarski piknik 2020<\/a> &#8211; foto Andrej<\/strong><\/p>\n","protected":false},"excerpt":{"rendered":"<p>Triindvajseta sezona za KLJUKE je bila letos malo druga\u010dna. Zaradi izrednih zdravstvenih razmer se je pred\u010dasno kon\u010dala, uradni zaklju\u010dek z veselico pa je bil \u0161ele v soboto 20. junija. Zadnji pomladni dan v letu je bilo tudi vreme &#8220;pomladansko&#8221;. V imenu KLJUK se zahvaljujem predsedniku Verhov\u0161ku za vlo\u017een trud na razli\u010dnih podro\u010djih preko cele sezone. [&hellip;]<\/p>\n","protected":false},"author":2,"featured_media":0,"comment_status":"open","ping_status":"open","sticky":false,"template":"","format":"standard","meta":{"footnotes":""},"categories":[8,5],"tags":[],"_links":{"self":[{"href":"https:\/\/kalisce.com\/blog\/wp-json\/wp\/v2\/posts\/5730"}],"collection":[{"href":"https:\/\/kalisce.com\/blog\/wp-json\/wp\/v2\/posts"}],"about":[{"href":"https:\/\/kalisce.com\/blog\/wp-json\/wp\/v2\/types\/post"}],"author":[{"embeddable":true,"href":"https:\/\/kalisce.com\/blog\/wp-json\/wp\/v2\/users\/2"}],"replies":[{"embeddable":true,"href":"https:\/\/kalisce.com\/blog\/wp-json\/wp\/v2\/comments?post=5730"}],"version-history":[{"count":7,"href":"https:\/\/kalisce.com\/blog\/wp-json\/wp\/v2\/posts\/5730\/revisions"}],"predecessor-version":[{"id":5742,"href":"https:\/\/kalisce.com\/blog\/wp-json\/wp\/v2\/posts\/5730\/revisions\/5742"}],"wp:attachment":[{"href":"https:\/\/kalisce.com\/blog\/wp-json\/wp\/v2\/media?parent=5730"}],"wp:term":[{"taxonomy":"category","embeddable":true,"href":"https:\/\/kalisce.com\/blog\/wp-json\/wp\/v2\/categories?post=5730"},{"taxonomy":"post_tag","embeddable":true,"href":"https:\/\/kalisce.com\/blog\/wp-json\/wp\/v2\/tags?post=5730"}],"curies":[{"name":"wp","href":"https:\/\/api.w.org\/{rel}","templated":true}]}}