{"id":5757,"date":"2020-09-28T11:16:14","date_gmt":"2020-09-28T10:16:14","guid":{"rendered":"http:\/\/kalisce.com\/blog\/?p=5757"},"modified":"2020-10-15T21:15:49","modified_gmt":"2020-10-15T20:15:49","slug":"zacetek-24-sezone-za-kljuke","status":"publish","type":"post","link":"https:\/\/kalisce.com\/blog\/2020\/09\/28\/zacetek-24-sezone-za-kljuke\/","title":{"rendered":"Za\u010detek 24. sezone za KLJUKE"},"content":{"rendered":"<div id=\"attachment_5758\" style=\"width: 310px\" class=\"wp-caption alignleft\"><a href=\"https:\/\/www.facebook.com\/media\/set\/?set=a.10159177236897642\"><img loading=\"lazy\" decoding=\"async\" aria-describedby=\"caption-attachment-5758\" class=\"wp-image-5758 size-medium\" src=\"https:\/\/kalisce.com\/blog\/wp-content\/uploads\/2020\/09\/panoramax-300x197.jpg\" alt=\"Na\u0161i hribi\" width=\"300\" height=\"197\" srcset=\"https:\/\/kalisce.com\/blog\/wp-content\/uploads\/2020\/09\/panoramax-300x197.jpg 300w, https:\/\/kalisce.com\/blog\/wp-content\/uploads\/2020\/09\/panoramax-1024x673.jpg 1024w, https:\/\/kalisce.com\/blog\/wp-content\/uploads\/2020\/09\/panoramax-150x99.jpg 150w, https:\/\/kalisce.com\/blog\/wp-content\/uploads\/2020\/09\/panoramax-768x505.jpg 768w, https:\/\/kalisce.com\/blog\/wp-content\/uploads\/2020\/09\/panoramax.jpg 1154w\" sizes=\"(max-width: 300px) 100vw, 300px\" \/><\/a><p id=\"caption-attachment-5758\" class=\"wp-caption-text\">Na\u0161i hribi<\/p><\/div>\n<p>V soboto, 3. oktobra 2020, smo za\u010deli \u017ee <strong>24. sezono<\/strong> za KLJUKE!<\/p>\n<p>Osnovna pravila ostajajo enaka.<\/p>\n<p>Pazite na sebe in druge, zato <strong>upo\u0161tevajte navodila NIJZ<\/strong>!<\/p>\n<p>Vabljeni!<\/p>\n<p><strong><a href=\"https:\/\/www.facebook.com\/media\/set\/?set=a.10159177236897642\">Galerija &#8211; konec septembra<\/a> &#8211; foto Janez<\/strong><\/p>\n","protected":false},"excerpt":{"rendered":"<p>V soboto, 3. oktobra 2020, smo za\u010deli \u017ee 24. sezono za KLJUKE! Osnovna pravila ostajajo enaka. Pazite na sebe in druge, zato upo\u0161tevajte navodila NIJZ! Vabljeni! Galerija &#8211; konec septembra &#8211; foto Janez<\/p>\n","protected":false},"author":2,"featured_media":0,"comment_status":"open","ping_status":"open","sticky":false,"template":"","format":"standard","meta":{"footnotes":""},"categories":[9,8,5],"tags":[],"_links":{"self":[{"href":"https:\/\/kalisce.com\/blog\/wp-json\/wp\/v2\/posts\/5757"}],"collection":[{"href":"https:\/\/kalisce.com\/blog\/wp-json\/wp\/v2\/posts"}],"about":[{"href":"https:\/\/kalisce.com\/blog\/wp-json\/wp\/v2\/types\/post"}],"author":[{"embeddable":true,"href":"https:\/\/kalisce.com\/blog\/wp-json\/wp\/v2\/users\/2"}],"replies":[{"embeddable":true,"href":"https:\/\/kalisce.com\/blog\/wp-json\/wp\/v2\/comments?post=5757"}],"version-history":[{"count":7,"href":"https:\/\/kalisce.com\/blog\/wp-json\/wp\/v2\/posts\/5757\/revisions"}],"predecessor-version":[{"id":5772,"href":"https:\/\/kalisce.com\/blog\/wp-json\/wp\/v2\/posts\/5757\/revisions\/5772"}],"wp:attachment":[{"href":"https:\/\/kalisce.com\/blog\/wp-json\/wp\/v2\/media?parent=5757"}],"wp:term":[{"taxonomy":"category","embeddable":true,"href":"https:\/\/kalisce.com\/blog\/wp-json\/wp\/v2\/categories?post=5757"},{"taxonomy":"post_tag","embeddable":true,"href":"https:\/\/kalisce.com\/blog\/wp-json\/wp\/v2\/tags?post=5757"}],"curies":[{"name":"wp","href":"https:\/\/api.w.org\/{rel}","templated":true}]}}