{"id":596,"date":"2009-03-09T15:10:41","date_gmt":"2009-03-09T13:10:41","guid":{"rendered":"http:\/\/kalisce.com\/blog\/?p=596"},"modified":"2009-03-11T16:15:39","modified_gmt":"2009-03-11T14:15:39","slug":"8-marec-dan-zena","status":"publish","type":"post","link":"https:\/\/kalisce.com\/blog\/2009\/03\/09\/8-marec-dan-zena\/","title":{"rendered":"8. marec, dan \u017eena"},"content":{"rendered":"<div id=\"attachment_598\" style=\"width: 360px\" class=\"wp-caption alignleft\"><a href=\"https:\/\/kalisce.com\/blog\/foto\/2008\/090308\/index.html\"><img loading=\"lazy\" decoding=\"async\" aria-describedby=\"caption-attachment-598\" class=\"size-full wp-image-598\" title=\"Dan \u017eena!\" src=\"https:\/\/kalisce.com\/blog\/wp-content\/uploads\/2009\/03\/img_1781.jpg\" alt=\"Dan \u017eena!\" width=\"350\" height=\"263\" srcset=\"https:\/\/kalisce.com\/blog\/wp-content\/uploads\/2009\/03\/img_1781.jpg 350w, https:\/\/kalisce.com\/blog\/wp-content\/uploads\/2009\/03\/img_1781-150x112.jpg 150w, https:\/\/kalisce.com\/blog\/wp-content\/uploads\/2009\/03\/img_1781-300x225.jpg 300w\" sizes=\"(max-width: 350px) 100vw, 350px\" \/><\/a><p id=\"caption-attachment-598\" class=\"wp-caption-text\">Dan \u017eena!<\/p><\/div>\n<p>Letos zima ne var\u010duje s snegom. V petek nas je spet pri\u010dakala sve\u017ee zasne\u017eena ko\u010da &#8211; na veliko podlage je padlo \u0161e dobrih 30 cm mokrega snega. \u00a0Sobota je bila zelo vetrovna, v nedeljo pa je bilo na terasi premalo prostora za vse, ki so se nastavljali toplemu pomladanskemu soncu.<\/p>\n<p>Vrh Stor\u017ei\u010da je bil cel vikend zasne\u017een in osamljen.<\/p>\n<p>V soboto smo imeli \u017eal tudi helikoptersko re\u0161evalno akcijo. Zahvaljujemo se \u00a0prizadevnim re\u0161evalcem, posebno zahvalo pa zaslu\u017eita\u00a0<strong>Nina Podlesnik\u00a0<\/strong>iz Ljubljane, ki je ponesre\u010denca oskrbela in <strong>Ivan \u0160avs<\/strong>, ki ga je sploh na\u0161el.<\/p>\n<p>V nedeljo smo seveda vsi praznovali <strong>8. marec, dan \u017eena<\/strong>! Hvala za ro\u017ee, &#8230;!<\/p>\n<p>Vse vpise ima \u0161e 33 KLJUK. Do konca je samo \u0161e 13 vpisnih dni.<\/p>\n<p><strong>Bli\u017ea se <\/strong><a href=\"https:\/\/kalisce.com\/blog\/12-ur-kalisca\/\"><strong>12 ur Kali\u0161\u010da<\/strong><\/a><strong>! Sponzorje prosimo za prispevke, tekmovalce pa opozarjamo na pravo\u010dasno prijavo!<\/strong><\/p>\n<p><strong><a href=\"https:\/\/kalisce.com\/blog\/foto\/2008\/090308\/index.html\">Galerija<\/a><\/strong><\/p>\n<p><strong><a href=\"https:\/\/kalisce.com\/blog\/vpisi\/2008\/090308.pdf\">Seznam vpisanih KLJUK &#8211; 08.03.2009<\/a><br \/>\n<\/strong><\/p>\n","protected":false},"excerpt":{"rendered":"<p>Letos zima ne var\u010duje s snegom. V petek nas je spet pri\u010dakala sve\u017ee zasne\u017eena ko\u010da &#8211; na veliko podlage je padlo \u0161e dobrih 30 cm mokrega snega. \u00a0Sobota je bila zelo vetrovna, v nedeljo pa je bilo na terasi premalo prostora za vse, ki so se nastavljali toplemu pomladanskemu soncu. Vrh Stor\u017ei\u010da je bil cel [&hellip;]<\/p>\n","protected":false},"author":2,"featured_media":0,"comment_status":"open","ping_status":"open","sticky":false,"template":"","format":"standard","meta":{"footnotes":""},"categories":[9,8],"tags":[],"_links":{"self":[{"href":"https:\/\/kalisce.com\/blog\/wp-json\/wp\/v2\/posts\/596"}],"collection":[{"href":"https:\/\/kalisce.com\/blog\/wp-json\/wp\/v2\/posts"}],"about":[{"href":"https:\/\/kalisce.com\/blog\/wp-json\/wp\/v2\/types\/post"}],"author":[{"embeddable":true,"href":"https:\/\/kalisce.com\/blog\/wp-json\/wp\/v2\/users\/2"}],"replies":[{"embeddable":true,"href":"https:\/\/kalisce.com\/blog\/wp-json\/wp\/v2\/comments?post=596"}],"version-history":[{"count":11,"href":"https:\/\/kalisce.com\/blog\/wp-json\/wp\/v2\/posts\/596\/revisions"}],"predecessor-version":[{"id":602,"href":"https:\/\/kalisce.com\/blog\/wp-json\/wp\/v2\/posts\/596\/revisions\/602"}],"wp:attachment":[{"href":"https:\/\/kalisce.com\/blog\/wp-json\/wp\/v2\/media?parent=596"}],"wp:term":[{"taxonomy":"category","embeddable":true,"href":"https:\/\/kalisce.com\/blog\/wp-json\/wp\/v2\/categories?post=596"},{"taxonomy":"post_tag","embeddable":true,"href":"https:\/\/kalisce.com\/blog\/wp-json\/wp\/v2\/tags?post=596"}],"curies":[{"name":"wp","href":"https:\/\/api.w.org\/{rel}","templated":true}]}}