{"id":635,"date":"2009-03-23T12:25:30","date_gmt":"2009-03-23T10:25:30","guid":{"rendered":"http:\/\/kalisce.com\/blog\/?p=635"},"modified":"2009-03-23T17:49:11","modified_gmt":"2009-03-23T15:49:11","slug":"jozefovo","status":"publish","type":"post","link":"https:\/\/kalisce.com\/blog\/2009\/03\/23\/jozefovo\/","title":{"rendered":"Jo\u017eefovo"},"content":{"rendered":"<div id=\"attachment_636\" style=\"width: 360px\" class=\"wp-caption alignleft\"><a href=\"https:\/\/kalisce.com\/blog\/foto\/2008\/090322\/index.html\"><img loading=\"lazy\" decoding=\"async\" aria-describedby=\"caption-attachment-636\" class=\"size-full wp-image-636\" title=\"Parkiranje\" src=\"https:\/\/kalisce.com\/blog\/wp-content\/uploads\/2009\/03\/park.jpg\" alt=\"Parkiranje\" width=\"350\" height=\"263\" srcset=\"https:\/\/kalisce.com\/blog\/wp-content\/uploads\/2009\/03\/park.jpg 350w, https:\/\/kalisce.com\/blog\/wp-content\/uploads\/2009\/03\/park-150x112.jpg 150w, https:\/\/kalisce.com\/blog\/wp-content\/uploads\/2009\/03\/park-300x225.jpg 300w\" sizes=\"(max-width: 350px) 100vw, 350px\" \/><\/a><p id=\"caption-attachment-636\" class=\"wp-caption-text\">Parkiranje<\/p><\/div>\n<p>V petek se je uradno za\u010dela <strong>pomlad<\/strong>, vendar se zima \u0161e ne pusti odganati. \u010ce ko\u010da ne bi bila tako trdno zasidrana na skali, bi jo sobotni veter gotovo prestavil kak\u0161en meter proti dolini. Poleg orkanskega vetra je bilo \u0161e minus 10\u00b0C!<\/p>\n<p>Mraz, veter in ledena pot v zgornji polovici, niso zaustavili mno\u017eico hribovcev, ki so v nedeljo na Kali\u0161\u010du \u00a0slavili &#8220;<strong>Jo\u017eefovo<\/strong>&#8220;. Hi\u0161ni ansambel je bil spet v akciji.<\/p>\n<p>Pri potoku je bil atraktivno parkiran Peugeot &#8211; levo zadaj je na po\u010ditku \ud83d\ude42 .<\/p>\n<p>Nedeljo je <strong>Tone <\/strong>izkoristil za naskok na <strong>Grintovec<\/strong>, ker pa je Cojzova ko\u010da zasne\u017eena in zaprta, je na &#8220;\u010daj&#8221; moral \u0161e na Kali\u0161\u010de. \u2757<\/p>\n<p><strong><a href=\"https:\/\/kalisce.com\/blog\/12-ur-kalisca\/\">12 ur Kali\u0161\u010da<\/a><\/strong> &#8211; zadnji teden za prijavo.<\/p>\n<p><strong><a href=\"https:\/\/kalisce.com\/blog\/foto\/2008\/090322\/index.html\">Galerija<\/a><\/strong><\/p>\n<p><strong><a href=\"https:\/\/kalisce.com\/blog\/vpisi\/2008\/090322.pdf\">Seznam vpisanih KLJUK &#8211; 22.03.2009<\/a><br \/>\n<\/strong><\/p>\n","protected":false},"excerpt":{"rendered":"<p>V petek se je uradno za\u010dela pomlad, vendar se zima \u0161e ne pusti odganati. \u010ce ko\u010da ne bi bila tako trdno zasidrana na skali, bi jo sobotni veter gotovo prestavil kak\u0161en meter proti dolini. Poleg orkanskega vetra je bilo \u0161e minus 10\u00b0C! Mraz, veter in ledena pot v zgornji polovici, niso zaustavili mno\u017eico hribovcev, ki [&hellip;]<\/p>\n","protected":false},"author":2,"featured_media":0,"comment_status":"open","ping_status":"open","sticky":false,"template":"","format":"standard","meta":{"footnotes":""},"categories":[5],"tags":[],"_links":{"self":[{"href":"https:\/\/kalisce.com\/blog\/wp-json\/wp\/v2\/posts\/635"}],"collection":[{"href":"https:\/\/kalisce.com\/blog\/wp-json\/wp\/v2\/posts"}],"about":[{"href":"https:\/\/kalisce.com\/blog\/wp-json\/wp\/v2\/types\/post"}],"author":[{"embeddable":true,"href":"https:\/\/kalisce.com\/blog\/wp-json\/wp\/v2\/users\/2"}],"replies":[{"embeddable":true,"href":"https:\/\/kalisce.com\/blog\/wp-json\/wp\/v2\/comments?post=635"}],"version-history":[{"count":5,"href":"https:\/\/kalisce.com\/blog\/wp-json\/wp\/v2\/posts\/635\/revisions"}],"predecessor-version":[{"id":639,"href":"https:\/\/kalisce.com\/blog\/wp-json\/wp\/v2\/posts\/635\/revisions\/639"}],"wp:attachment":[{"href":"https:\/\/kalisce.com\/blog\/wp-json\/wp\/v2\/media?parent=635"}],"wp:term":[{"taxonomy":"category","embeddable":true,"href":"https:\/\/kalisce.com\/blog\/wp-json\/wp\/v2\/categories?post=635"},{"taxonomy":"post_tag","embeddable":true,"href":"https:\/\/kalisce.com\/blog\/wp-json\/wp\/v2\/tags?post=635"}],"curies":[{"name":"wp","href":"https:\/\/api.w.org\/{rel}","templated":true}]}}