{"id":6571,"date":"2025-10-19T16:22:28","date_gmt":"2025-10-19T15:22:28","guid":{"rendered":"https:\/\/kalisce.com\/blog\/?p=6571"},"modified":"2025-10-19T16:23:13","modified_gmt":"2025-10-19T15:23:13","slug":"29-ljubljanski-maraton-19-10-2025","status":"publish","type":"post","link":"https:\/\/kalisce.com\/blog\/2025\/10\/19\/29-ljubljanski-maraton-19-10-2025\/","title":{"rendered":"29. Ljubljanski maraton &#8211; 19. 10. 2025"},"content":{"rendered":"<div id=\"attachment_6572\" style=\"width: 310px\" class=\"wp-caption alignleft\"><a href=\"https:\/\/www.facebook.com\/media\/set\/?set=a.1927182388129458&amp;type=3\" target=\"_blank\" rel=\"noopener\"><img loading=\"lazy\" decoding=\"async\" aria-describedby=\"caption-attachment-6572\" class=\"wp-image-6572 size-medium\" src=\"https:\/\/kalisce.com\/blog\/wp-content\/uploads\/2025\/10\/IMG_8567-300x200.jpg\" alt=\"Najhitrej\u0161i maratonci\" width=\"300\" height=\"200\" srcset=\"https:\/\/kalisce.com\/blog\/wp-content\/uploads\/2025\/10\/IMG_8567-300x200.jpg 300w, https:\/\/kalisce.com\/blog\/wp-content\/uploads\/2025\/10\/IMG_8567-1024x683.jpg 1024w, https:\/\/kalisce.com\/blog\/wp-content\/uploads\/2025\/10\/IMG_8567-150x100.jpg 150w, https:\/\/kalisce.com\/blog\/wp-content\/uploads\/2025\/10\/IMG_8567-768x512.jpg 768w, https:\/\/kalisce.com\/blog\/wp-content\/uploads\/2025\/10\/IMG_8567-1536x1024.jpg 1536w, https:\/\/kalisce.com\/blog\/wp-content\/uploads\/2025\/10\/IMG_8567-2048x1365.jpg 2048w\" sizes=\"(max-width: 300px) 100vw, 300px\" \/><\/a><p id=\"caption-attachment-6572\" class=\"wp-caption-text\">Najhitrej\u0161i maratonci<\/p><\/div>\n<p>V nedeljo, 19. oktobra 2025, je bil v Ljubljani \u017ee 29. maraton.<\/p>\n<p>Vreme je bilo ve\u010d kot odli\u010dno za tek.<\/p>\n<p>Zmagi sta od\u0161li v Etiopijo, a brez rekordnih \u010dasov. Z 2:06:52 je slavil 21-letni <strong>Heftamu Abadi<\/strong>. Nov slovenski rekord proge je za ve\u010d kot minuto izbolj\u0161al 44-letni <strong>Primo\u017e Kobe<\/strong> (2:17:03).<br \/>\nMed \u017eenskami je s \u010dasom 2:22:45 slavila Etiopijka <strong>Tigist Gezahagn Menigstu.<\/strong><\/p>\n<p>Udele\u017eba teka\u010dev je bila letos rekordna pa tudi navija\u010dev ni manjkalo.<\/p>\n<p>Nasvidenje \u010dez eno leto!<\/p>\n<p><a href=\"https:\/\/www.facebook.com\/media\/set\/?set=a.1927182388129458&amp;type=3\" target=\"_blank\" rel=\"noopener\"><strong>Galerija<\/strong><\/a><\/p>\n","protected":false},"excerpt":{"rendered":"<p>V nedeljo, 19. oktobra 2025, je bil v Ljubljani \u017ee 29. maraton. Vreme je bilo ve\u010d kot odli\u010dno za tek. Zmagi sta od\u0161li v Etiopijo, a brez rekordnih \u010dasov. Z 2:06:52 je slavil 21-letni Heftamu Abadi. Nov slovenski rekord proge je za ve\u010d kot minuto izbolj\u0161al 44-letni Primo\u017e Kobe (2:17:03). Med \u017eenskami je s \u010dasom [&hellip;]<\/p>\n","protected":false},"author":2,"featured_media":0,"comment_status":"open","ping_status":"open","sticky":false,"template":"","format":"standard","meta":{"footnotes":""},"categories":[5],"tags":[],"_links":{"self":[{"href":"https:\/\/kalisce.com\/blog\/wp-json\/wp\/v2\/posts\/6571"}],"collection":[{"href":"https:\/\/kalisce.com\/blog\/wp-json\/wp\/v2\/posts"}],"about":[{"href":"https:\/\/kalisce.com\/blog\/wp-json\/wp\/v2\/types\/post"}],"author":[{"embeddable":true,"href":"https:\/\/kalisce.com\/blog\/wp-json\/wp\/v2\/users\/2"}],"replies":[{"embeddable":true,"href":"https:\/\/kalisce.com\/blog\/wp-json\/wp\/v2\/comments?post=6571"}],"version-history":[{"count":2,"href":"https:\/\/kalisce.com\/blog\/wp-json\/wp\/v2\/posts\/6571\/revisions"}],"predecessor-version":[{"id":6574,"href":"https:\/\/kalisce.com\/blog\/wp-json\/wp\/v2\/posts\/6571\/revisions\/6574"}],"wp:attachment":[{"href":"https:\/\/kalisce.com\/blog\/wp-json\/wp\/v2\/media?parent=6571"}],"wp:term":[{"taxonomy":"category","embeddable":true,"href":"https:\/\/kalisce.com\/blog\/wp-json\/wp\/v2\/categories?post=6571"},{"taxonomy":"post_tag","embeddable":true,"href":"https:\/\/kalisce.com\/blog\/wp-json\/wp\/v2\/tags?post=6571"}],"curies":[{"name":"wp","href":"https:\/\/api.w.org\/{rel}","templated":true}]}}