{"id":662,"date":"2009-03-30T15:51:15","date_gmt":"2009-03-30T13:51:15","guid":{"rendered":"http:\/\/kalisce.com\/blog\/?p=662"},"modified":"2009-03-30T17:43:07","modified_gmt":"2009-03-30T15:43:07","slug":"dez-in-nova-cesta","status":"publish","type":"post","link":"https:\/\/kalisce.com\/blog\/2009\/03\/30\/dez-in-nova-cesta\/","title":{"rendered":"De\u017e in nova cesta"},"content":{"rendered":"<div id=\"attachment_663\" style=\"width: 360px\" class=\"wp-caption alignleft\"><a href=\"https:\/\/kalisce.com\/blog\/foto\/2008\/090329\/index.html\"><img loading=\"lazy\" decoding=\"async\" aria-describedby=\"caption-attachment-663\" class=\"size-full wp-image-663 \" title=\"Nova cesta\" src=\"https:\/\/kalisce.com\/blog\/wp-content\/uploads\/2009\/03\/img_1932.jpg\" alt=\"Nova cesta\" width=\"350\" height=\"263\" srcset=\"https:\/\/kalisce.com\/blog\/wp-content\/uploads\/2009\/03\/img_1932.jpg 350w, https:\/\/kalisce.com\/blog\/wp-content\/uploads\/2009\/03\/img_1932-150x112.jpg 150w, https:\/\/kalisce.com\/blog\/wp-content\/uploads\/2009\/03\/img_1932-300x225.jpg 300w\" sizes=\"(max-width: 350px) 100vw, 350px\" \/><\/a><p id=\"caption-attachment-663\" class=\"wp-caption-text\">Nova cesta<\/p><\/div>\n<p>Pretekli vikend je minil v znamenju de\u017eja. \u00a0Za obisk Kali\u0161\u010da so se namre\u010d odlo\u010dili le najbolj zvesti hribovci &#8211; <strong>KLJUKE<\/strong>.<\/p>\n<p>Poleg de\u017eja je bila glavna tema pogovorov <strong>nova pot<\/strong>, ki se hitro gradi na pobo\u010dju Stor\u017ei\u010da. Od pribli\u017eno 1.000 metrov vi\u0161ine se proti vikendom (Malo Kali\u0161\u010de) gradi gozdna pot, ki popolnoma spreminja naravo. Nova cesta ve\u010dkrat preseka markirano pot, tako da precej zbega pohodnike.\u00a0<\/p>\n<p>Malo \u0161ir\u0161e gorske steze, vklju\u010dno s problemati\u010dnimi bli\u017enjicami, se zdijo mala malica glede na tole novo cesto. Ali se mogo\u010de motim? Komentarji spodaj so dobrodo\u0161li.<\/p>\n<p>Sneg se vedno bolj topi, vendar ga bo v soboto\u00a0od vikendov gor\u00a0\u00a0\u0161e veliko\u00a0(na tekmi <a href=\"https:\/\/kalisce.com\/blog\/12-ur-kalisca\/\"><strong>12 ur Kali\u0161\u010da)<\/strong><\/a>.<\/p>\n<p><strong><a href=\"https:\/\/kalisce.com\/blog\/foto\/2008\/090329\/index.html\">Galerija<\/a><\/strong>\u00a0je zaradi de\u017eja in megle recesijska.<\/p>\n<p><a href=\"https:\/\/kalisce.com\/blog\/vpisi\/2008\/090329.pdf\"><strong>Seznam vpisanih KLJUK &#8211; 29.03.2009<\/strong><\/a><\/p>\n","protected":false},"excerpt":{"rendered":"<p>Pretekli vikend je minil v znamenju de\u017eja. \u00a0Za obisk Kali\u0161\u010da so se namre\u010d odlo\u010dili le najbolj zvesti hribovci &#8211; KLJUKE. Poleg de\u017eja je bila glavna tema pogovorov nova pot, ki se hitro gradi na pobo\u010dju Stor\u017ei\u010da. Od pribli\u017eno 1.000 metrov vi\u0161ine se proti vikendom (Malo Kali\u0161\u010de) gradi gozdna pot, ki popolnoma spreminja naravo. Nova cesta [&hellip;]<\/p>\n","protected":false},"author":2,"featured_media":0,"comment_status":"open","ping_status":"open","sticky":false,"template":"","format":"standard","meta":{"footnotes":""},"categories":[6,9,8],"tags":[],"_links":{"self":[{"href":"https:\/\/kalisce.com\/blog\/wp-json\/wp\/v2\/posts\/662"}],"collection":[{"href":"https:\/\/kalisce.com\/blog\/wp-json\/wp\/v2\/posts"}],"about":[{"href":"https:\/\/kalisce.com\/blog\/wp-json\/wp\/v2\/types\/post"}],"author":[{"embeddable":true,"href":"https:\/\/kalisce.com\/blog\/wp-json\/wp\/v2\/users\/2"}],"replies":[{"embeddable":true,"href":"https:\/\/kalisce.com\/blog\/wp-json\/wp\/v2\/comments?post=662"}],"version-history":[{"count":6,"href":"https:\/\/kalisce.com\/blog\/wp-json\/wp\/v2\/posts\/662\/revisions"}],"predecessor-version":[{"id":670,"href":"https:\/\/kalisce.com\/blog\/wp-json\/wp\/v2\/posts\/662\/revisions\/670"}],"wp:attachment":[{"href":"https:\/\/kalisce.com\/blog\/wp-json\/wp\/v2\/media?parent=662"}],"wp:term":[{"taxonomy":"category","embeddable":true,"href":"https:\/\/kalisce.com\/blog\/wp-json\/wp\/v2\/categories?post=662"},{"taxonomy":"post_tag","embeddable":true,"href":"https:\/\/kalisce.com\/blog\/wp-json\/wp\/v2\/tags?post=662"}],"curies":[{"name":"wp","href":"https:\/\/api.w.org\/{rel}","templated":true}]}}