{"id":783,"date":"2009-05-04T12:28:09","date_gmt":"2009-05-04T10:28:09","guid":{"rendered":"http:\/\/kalisce.com\/blog\/?p=783"},"modified":"2009-05-04T12:28:44","modified_gmt":"2009-05-04T10:28:44","slug":"iscemo-kuharico","status":"publish","type":"post","link":"https:\/\/kalisce.com\/blog\/2009\/05\/04\/iscemo-kuharico\/","title":{"rendered":"I\u0161\u010demo kuharico!"},"content":{"rendered":"<div id=\"attachment_784\" style=\"width: 360px\" class=\"wp-caption alignleft\"><a href=\"https:\/\/kalisce.com\/blog\/foto\/2008\/090501\/index.html\"><img loading=\"lazy\" decoding=\"async\" aria-describedby=\"caption-attachment-784\" class=\"size-full wp-image-784\" title=\"Lon\u010darstvo!\" src=\"https:\/\/kalisce.com\/blog\/wp-content\/uploads\/2009\/05\/img_2458.jpg\" alt=\"Lon\u010darstvo!\" width=\"350\" height=\"292\" srcset=\"https:\/\/kalisce.com\/blog\/wp-content\/uploads\/2009\/05\/img_2458.jpg 350w, https:\/\/kalisce.com\/blog\/wp-content\/uploads\/2009\/05\/img_2458-150x125.jpg 150w, https:\/\/kalisce.com\/blog\/wp-content\/uploads\/2009\/05\/img_2458-300x250.jpg 300w\" sizes=\"(max-width: 350px) 100vw, 350px\" \/><\/a><p id=\"caption-attachment-784\" class=\"wp-caption-text\">Lon\u010darstvo!<\/p><\/div>\n<p><strong>Obvestilo!<\/strong><\/p>\n<p><strong>Na Kali\u0161\u010du i\u0161\u010demo kuharico (kuharja) za poletno sezono (od 15. junija do 15. septembra 2009). Prijavo po\u0161ljite na Planinsko dru\u0161tvo Kranj, Koro\u0161ka cesta 27, 4000 Kranj.<\/strong><\/p>\n<p>Zaradi mo\u010dnega vetra z de\u017ejem nam ni uspelo zakuriti prvomajskega kresa &#8211; za naslednji kres bo \u0161e ve\u010d materiala.<\/p>\n<p>V prazni\u010dnih dneh smo se ukvarjali s pripravami na sobotno veselico, popravljali smo razbite vaze, elektriko, vodovod, \u010distili okolico,&#8230;, sadili krompir \ud83d\ude2f<\/p>\n<p>V soboto, 9. maja ob 7-ih, je za pohodnike zbor nad Ma\u010dami, za vse ostale pa ob 11-ih na Kali\u0161\u010du!\u00a0<\/p>\n<p>Vabljeni \u2757<\/p>\n<p><strong><a href=\"https:\/\/kalisce.com\/blog\/foto\/2008\/090501\/index.html\">Galerija<\/a><\/strong><\/p>\n<p><strong><br \/>\n<\/strong><\/p>\n","protected":false},"excerpt":{"rendered":"<p>Obvestilo! Na Kali\u0161\u010du i\u0161\u010demo kuharico (kuharja) za poletno sezono (od 15. junija do 15. septembra 2009). Prijavo po\u0161ljite na Planinsko dru\u0161tvo Kranj, Koro\u0161ka cesta 27, 4000 Kranj. Zaradi mo\u010dnega vetra z de\u017ejem nam ni uspelo zakuriti prvomajskega kresa &#8211; za naslednji kres bo \u0161e ve\u010d materiala. V prazni\u010dnih dneh smo se ukvarjali s pripravami na [&hellip;]<\/p>\n","protected":false},"author":2,"featured_media":0,"comment_status":"open","ping_status":"open","sticky":false,"template":"","format":"standard","meta":{"footnotes":""},"categories":[9,8],"tags":[],"_links":{"self":[{"href":"https:\/\/kalisce.com\/blog\/wp-json\/wp\/v2\/posts\/783"}],"collection":[{"href":"https:\/\/kalisce.com\/blog\/wp-json\/wp\/v2\/posts"}],"about":[{"href":"https:\/\/kalisce.com\/blog\/wp-json\/wp\/v2\/types\/post"}],"author":[{"embeddable":true,"href":"https:\/\/kalisce.com\/blog\/wp-json\/wp\/v2\/users\/2"}],"replies":[{"embeddable":true,"href":"https:\/\/kalisce.com\/blog\/wp-json\/wp\/v2\/comments?post=783"}],"version-history":[{"count":3,"href":"https:\/\/kalisce.com\/blog\/wp-json\/wp\/v2\/posts\/783\/revisions"}],"predecessor-version":[{"id":787,"href":"https:\/\/kalisce.com\/blog\/wp-json\/wp\/v2\/posts\/783\/revisions\/787"}],"wp:attachment":[{"href":"https:\/\/kalisce.com\/blog\/wp-json\/wp\/v2\/media?parent=783"}],"wp:term":[{"taxonomy":"category","embeddable":true,"href":"https:\/\/kalisce.com\/blog\/wp-json\/wp\/v2\/categories?post=783"},{"taxonomy":"post_tag","embeddable":true,"href":"https:\/\/kalisce.com\/blog\/wp-json\/wp\/v2\/tags?post=783"}],"curies":[{"name":"wp","href":"https:\/\/api.w.org\/{rel}","templated":true}]}}