{"id":788,"date":"2009-05-09T16:01:39","date_gmt":"2009-05-09T14:01:39","guid":{"rendered":"http:\/\/kalisce.com\/blog\/?p=788"},"modified":"2009-05-11T17:46:17","modified_gmt":"2009-05-11T15:46:17","slug":"zakljucek-kljuk","status":"publish","type":"post","link":"https:\/\/kalisce.com\/blog\/2009\/05\/09\/zakljucek-kljuk\/","title":{"rendered":"Zaklju\u010dek KLJUK"},"content":{"rendered":"<p><a href=\"https:\/\/kalisce.com\/blog\/wp-content\/uploads\/2009\/05\/img_9874_ogromna.jpg\"><strong>Skupinska slika<\/strong><\/a> (4,3 MB \u00a0&#8211; \u00a0za tiste s hitro povezavo!)<\/p>\n<div id=\"attachment_789\" style=\"width: 595px\" class=\"wp-caption aligncenter\"><a href=\"https:\/\/kalisce.com\/blog\/foto\/2008\/zakl_prip\/index.html\"><img loading=\"lazy\" decoding=\"async\" aria-describedby=\"caption-attachment-789\" class=\"size-full wp-image-789  \" title=\"Skupinska klub KLJUKA 2009\" src=\"https:\/\/kalisce.com\/blog\/wp-content\/uploads\/2009\/05\/img_9874.jpg\" alt=\"Skupinska 2009\" width=\"585\" height=\"390\" srcset=\"https:\/\/kalisce.com\/blog\/wp-content\/uploads\/2009\/05\/img_9874.jpg 650w, https:\/\/kalisce.com\/blog\/wp-content\/uploads\/2009\/05\/img_9874-150x99.jpg 150w, https:\/\/kalisce.com\/blog\/wp-content\/uploads\/2009\/05\/img_9874-300x199.jpg 300w\" sizes=\"(max-width: 585px) 100vw, 585px\" \/><\/a><p id=\"caption-attachment-789\" class=\"wp-caption-text\">Skupinska 2009<\/p><\/div>\n<p><strong><a href=\"https:\/\/kalisce.com\/blog\/foto\/2008\/zakl_prip\/index.html\">Galerija &#8211; priprave na veselico<\/a><\/strong><\/p>\n<p><strong><a href=\"https:\/\/kalisce.com\/blog\/foto\/2008\/zakljucek09\/index.html\">Galerija &#8211; zaklju\u010dna slovesnost<\/a><\/strong><\/p>\n<p><strong><a href=\"http:\/\/www.youtube.com\/watch?v=XEybIy-N-v8&amp;fmt=18\">Film &#8211; kratko, ampak&#8230;<\/a><\/strong><\/p>\n<p>V soboto smo tudi uradno zaklju\u010dili <strong>dvanajsto <\/strong>sezono za KLJUKE. Dobro uigrana kuharska ekipa pod Andrejevo taktirko, je \u017ee v petek za\u010dela s pripravo okusnega ri\u010deta. Za ogrevanje pred malico (predjed) smo postregli \u0161e s pr\u0161utom, ki je \u017ee nekaj \u010dasa v &#8220;rumplkamri&#8221; \u010dakal na svojih pet minut.<\/p>\n<p>Nekateri so se udele\u017eili prijetnega skupinskega pohoda preko Zaplate, ve\u010dina pa je prisopihala na Kali\u0161\u010de v lastni re\u017eiji.<\/p>\n<p>Podelili smo mno\u017eico zaslu\u017eenih medalj, priznanj in nagrad za KLJUKE.<\/p>\n<p>Skupinska slika, na kateri je samo dobra polovica na\u0161ih \u010dlanov, bo kmalu visela v ko\u010di na Kali\u0161\u010du.<\/p>\n<p><strong>\u0160e enkrat se zahvaljujemo vsem, ki so nam v pretekli sezoni pomagali in nam stali ob strani! Hvala!<\/strong><\/p>\n<p><strong>Irena, Marjan in Miha<\/strong><\/p>\n<p><strong><br \/>\n<\/strong><\/p>\n","protected":false},"excerpt":{"rendered":"<p>Skupinska slika (4,3 MB \u00a0&#8211; \u00a0za tiste s hitro povezavo!) Galerija &#8211; priprave na veselico Galerija &#8211; zaklju\u010dna slovesnost Film &#8211; kratko, ampak&#8230; V soboto smo tudi uradno zaklju\u010dili dvanajsto sezono za KLJUKE. Dobro uigrana kuharska ekipa pod Andrejevo taktirko, je \u017ee v petek za\u010dela s pripravo okusnega ri\u010deta. Za ogrevanje pred malico (predjed) smo [&hellip;]<\/p>\n","protected":false},"author":1,"featured_media":0,"comment_status":"open","ping_status":"open","sticky":false,"template":"","format":"standard","meta":{"footnotes":""},"categories":[9,8,5],"tags":[],"_links":{"self":[{"href":"https:\/\/kalisce.com\/blog\/wp-json\/wp\/v2\/posts\/788"}],"collection":[{"href":"https:\/\/kalisce.com\/blog\/wp-json\/wp\/v2\/posts"}],"about":[{"href":"https:\/\/kalisce.com\/blog\/wp-json\/wp\/v2\/types\/post"}],"author":[{"embeddable":true,"href":"https:\/\/kalisce.com\/blog\/wp-json\/wp\/v2\/users\/1"}],"replies":[{"embeddable":true,"href":"https:\/\/kalisce.com\/blog\/wp-json\/wp\/v2\/comments?post=788"}],"version-history":[{"count":8,"href":"https:\/\/kalisce.com\/blog\/wp-json\/wp\/v2\/posts\/788\/revisions"}],"predecessor-version":[{"id":793,"href":"https:\/\/kalisce.com\/blog\/wp-json\/wp\/v2\/posts\/788\/revisions\/793"}],"wp:attachment":[{"href":"https:\/\/kalisce.com\/blog\/wp-json\/wp\/v2\/media?parent=788"}],"wp:term":[{"taxonomy":"category","embeddable":true,"href":"https:\/\/kalisce.com\/blog\/wp-json\/wp\/v2\/categories?post=788"},{"taxonomy":"post_tag","embeddable":true,"href":"https:\/\/kalisce.com\/blog\/wp-json\/wp\/v2\/tags?post=788"}],"curies":[{"name":"wp","href":"https:\/\/api.w.org\/{rel}","templated":true}]}}