{"id":799,"date":"2009-05-18T12:44:00","date_gmt":"2009-05-18T10:44:00","guid":{"rendered":"http:\/\/kalisce.com\/blog\/?p=799"},"modified":"2018-05-21T13:19:29","modified_gmt":"2018-05-21T12:19:29","slug":"zelena-pomlad","status":"publish","type":"post","link":"https:\/\/kalisce.com\/blog\/2009\/05\/18\/zelena-pomlad\/","title":{"rendered":"Zelena pomlad"},"content":{"rendered":"<div id=\"attachment_800\" style=\"width: 360px\" class=\"wp-caption alignleft\"><a href=\"https:\/\/kalisce.com\/blog\/foto\/2008\/090517\/index.html\"><img loading=\"lazy\" decoding=\"async\" aria-describedby=\"caption-attachment-800\" class=\"size-full wp-image-800\" title=\"Zelena barva v naravi\" src=\"https:\/\/kalisce.com\/blog\/wp-content\/uploads\/2009\/05\/img_2594.jpg\" alt=\"Zelena barva v naravi\" width=\"350\" height=\"263\" srcset=\"https:\/\/kalisce.com\/blog\/wp-content\/uploads\/2009\/05\/img_2594.jpg 350w, https:\/\/kalisce.com\/blog\/wp-content\/uploads\/2009\/05\/img_2594-150x112.jpg 150w, https:\/\/kalisce.com\/blog\/wp-content\/uploads\/2009\/05\/img_2594-300x225.jpg 300w\" sizes=\"(max-width: 350px) 100vw, 350px\" \/><\/a><p id=\"caption-attachment-800\" class=\"wp-caption-text\">Zelena barva v naravi<\/p><\/div>\n<p>Pretekli teden se je pomlad z zeleno barvo na \u010delu prebila tudi do na\u0161e vi\u0161ine. Zanimivo je bilo opazovati dvigovanje zelene meje v gozdu, kako se je vsak teden dvignila za nekaj sto metrov. Naslednji teden bo tudi vrh Stor\u017ei\u010da lepo zelen. \u0160e na Krvavcu je \u017ee skoraj zmanjkalo snega!<\/p>\n<p>V <strong><a href=\"https:\/\/kalisce.com\/blog\/foto\/2008\/090517\/index.html\">galeriji <\/a><\/strong>se vidi tudi pomladanski razgled okoli ko\u010de &#8211; zimske bunde in kape (ki jih nosijo KLJUKE) so zamenjala la\u017eja in prijetnej\u0161a obla\u010dila \ud83d\ude00<\/p>\n<p>Na zadnjih \u0161tirih slikah je pogled padalca Janeza na Kali\u0161\u010de in Stor\u017ei\u010d z vi\u0161ine! To pa niso moje slike \ud83d\ude00<\/p>\n<p>V <strong>soboto, 23. maja 2009<\/strong>, bomo v ko\u010di na Kali\u0161\u010du ob kraj\u0161i slovesnosti s kulturnim programom zamenjali skupinsko sliko <strong>KLJUK<\/strong>.<\/p>\n<p><strong>\u0160e vedno i\u0161\u010demo kuharico za poletno sezono! Akcija!!!<\/strong><\/p>\n<p><a href=\"https:\/\/kalisce.com\/blog\/foto\/2008\/090517\/index.html\"><strong>Galerija<\/strong><\/a><\/p>\n","protected":false},"excerpt":{"rendered":"<p>Pretekli teden se je pomlad z zeleno barvo na \u010delu prebila tudi do na\u0161e vi\u0161ine. Zanimivo je bilo opazovati dvigovanje zelene meje v gozdu, kako se je vsak teden dvignila za nekaj sto metrov. Naslednji teden bo tudi vrh Stor\u017ei\u010da lepo zelen. \u0160e na Krvavcu je \u017ee skoraj zmanjkalo snega! V galeriji se vidi tudi [&hellip;]<\/p>\n","protected":false},"author":2,"featured_media":0,"comment_status":"open","ping_status":"open","sticky":false,"template":"","format":"standard","meta":{"footnotes":""},"categories":[9,8],"tags":[],"_links":{"self":[{"href":"https:\/\/kalisce.com\/blog\/wp-json\/wp\/v2\/posts\/799"}],"collection":[{"href":"https:\/\/kalisce.com\/blog\/wp-json\/wp\/v2\/posts"}],"about":[{"href":"https:\/\/kalisce.com\/blog\/wp-json\/wp\/v2\/types\/post"}],"author":[{"embeddable":true,"href":"https:\/\/kalisce.com\/blog\/wp-json\/wp\/v2\/users\/2"}],"replies":[{"embeddable":true,"href":"https:\/\/kalisce.com\/blog\/wp-json\/wp\/v2\/comments?post=799"}],"version-history":[{"count":8,"href":"https:\/\/kalisce.com\/blog\/wp-json\/wp\/v2\/posts\/799\/revisions"}],"predecessor-version":[{"id":5192,"href":"https:\/\/kalisce.com\/blog\/wp-json\/wp\/v2\/posts\/799\/revisions\/5192"}],"wp:attachment":[{"href":"https:\/\/kalisce.com\/blog\/wp-json\/wp\/v2\/media?parent=799"}],"wp:term":[{"taxonomy":"category","embeddable":true,"href":"https:\/\/kalisce.com\/blog\/wp-json\/wp\/v2\/categories?post=799"},{"taxonomy":"post_tag","embeddable":true,"href":"https:\/\/kalisce.com\/blog\/wp-json\/wp\/v2\/tags?post=799"}],"curies":[{"name":"wp","href":"https:\/\/api.w.org\/{rel}","templated":true}]}}