{"id":808,"date":"2009-05-25T12:59:09","date_gmt":"2009-05-25T10:59:09","guid":{"rendered":"http:\/\/kalisce.com\/blog\/?p=808"},"modified":"2009-05-25T12:59:09","modified_gmt":"2009-05-25T10:59:09","slug":"poletje-je-tu","status":"publish","type":"post","link":"https:\/\/kalisce.com\/blog\/2009\/05\/25\/poletje-je-tu\/","title":{"rendered":"Poletje je tu"},"content":{"rendered":"<div id=\"attachment_809\" style=\"width: 360px\" class=\"wp-caption alignleft\"><a href=\"https:\/\/kalisce.com\/blog\/foto\/2008\/090524\/index.html\"><img loading=\"lazy\" decoding=\"async\" aria-describedby=\"caption-attachment-809\" class=\"size-full wp-image-809\" title=\"Kri\u017e na Stor\u017ei\u010du\" src=\"https:\/\/kalisce.com\/blog\/wp-content\/uploads\/2009\/05\/dsc01138.jpg\" alt=\"Kri\u017e na Stor\u017ei\u010du\" width=\"350\" height=\"263\" srcset=\"https:\/\/kalisce.com\/blog\/wp-content\/uploads\/2009\/05\/dsc01138.jpg 350w, https:\/\/kalisce.com\/blog\/wp-content\/uploads\/2009\/05\/dsc01138-150x112.jpg 150w, https:\/\/kalisce.com\/blog\/wp-content\/uploads\/2009\/05\/dsc01138-300x225.jpg 300w\" sizes=\"(max-width: 350px) 100vw, 350px\" \/><\/a><p id=\"caption-attachment-809\" class=\"wp-caption-text\">Kri\u017e na Stor\u017ei\u010du<\/p><\/div>\n<p>Zima je letos brez prehodne pomladi pre\u0161la v poletje. Sneg je namre\u010d v nekaj dneh zamenjalo zelenje.<\/p>\n<p>Struktura obiskovalcev se je tudi spremenila &#8211; KLJUKE, ki okupirajo Kali\u0161\u010de preko zime, so v veliki meri zamenjali poletni pohodniki.<\/p>\n<p><strong>Janez <\/strong>je bil spet na vrhu Stor\u017ei\u010da, v ko\u010di smo slavnostno obesili novo<strong> skupinsko sliko KLJUK<\/strong>, polhi so se zbudili iz zimskega spanja, ro\u017eice rastejo okoli bajte, dobili smo nov hladilnik \ud83d\ude2f \u2757<\/p>\n<p><strong><a href=\"https:\/\/kalisce.com\/blog\/foto\/2008\/090524\/index.html\">Galerija<\/a><\/strong><\/p>\n<p><strong>\u0160e to: nova sezona za KLJUKE se za\u010dne v soboto, 3. oktobra 2009, ob 7:00!<br \/>\nLetos, po sklepu vlade, zaradi recesije ne boste prejeli vabil po klasi\u010dni po\u0161<\/strong><strong>ti<\/strong> \ud83d\ude09<\/p>\n","protected":false},"excerpt":{"rendered":"<p>Zima je letos brez prehodne pomladi pre\u0161la v poletje. Sneg je namre\u010d v nekaj dneh zamenjalo zelenje. Struktura obiskovalcev se je tudi spremenila &#8211; KLJUKE, ki okupirajo Kali\u0161\u010de preko zime, so v veliki meri zamenjali poletni pohodniki. Janez je bil spet na vrhu Stor\u017ei\u010da, v ko\u010di smo slavnostno obesili novo skupinsko sliko KLJUK, polhi so [&hellip;]<\/p>\n","protected":false},"author":2,"featured_media":0,"comment_status":"open","ping_status":"open","sticky":false,"template":"","format":"standard","meta":{"footnotes":""},"categories":[9],"tags":[],"_links":{"self":[{"href":"https:\/\/kalisce.com\/blog\/wp-json\/wp\/v2\/posts\/808"}],"collection":[{"href":"https:\/\/kalisce.com\/blog\/wp-json\/wp\/v2\/posts"}],"about":[{"href":"https:\/\/kalisce.com\/blog\/wp-json\/wp\/v2\/types\/post"}],"author":[{"embeddable":true,"href":"https:\/\/kalisce.com\/blog\/wp-json\/wp\/v2\/users\/2"}],"replies":[{"embeddable":true,"href":"https:\/\/kalisce.com\/blog\/wp-json\/wp\/v2\/comments?post=808"}],"version-history":[{"count":6,"href":"https:\/\/kalisce.com\/blog\/wp-json\/wp\/v2\/posts\/808\/revisions"}],"predecessor-version":[{"id":815,"href":"https:\/\/kalisce.com\/blog\/wp-json\/wp\/v2\/posts\/808\/revisions\/815"}],"wp:attachment":[{"href":"https:\/\/kalisce.com\/blog\/wp-json\/wp\/v2\/media?parent=808"}],"wp:term":[{"taxonomy":"category","embeddable":true,"href":"https:\/\/kalisce.com\/blog\/wp-json\/wp\/v2\/categories?post=808"},{"taxonomy":"post_tag","embeddable":true,"href":"https:\/\/kalisce.com\/blog\/wp-json\/wp\/v2\/tags?post=808"}],"curies":[{"name":"wp","href":"https:\/\/api.w.org\/{rel}","templated":true}]}}