{"id":816,"date":"2009-06-08T13:50:59","date_gmt":"2009-06-08T11:50:59","guid":{"rendered":"http:\/\/kalisce.com\/blog\/?p=816"},"modified":"2009-06-08T14:58:11","modified_gmt":"2009-06-08T12:58:11","slug":"konec-zimske-sezone-20082009","status":"publish","type":"post","link":"https:\/\/kalisce.com\/blog\/2009\/06\/08\/konec-zimske-sezone-20082009\/","title":{"rendered":"Konec zimske sezone 2008\/2009"},"content":{"rendered":"<div id=\"attachment_818\" style=\"width: 360px\" class=\"wp-caption alignleft\"><a href=\"https:\/\/kalisce.com\/blog\/foto\/2008\/090606\/index.html\"><img loading=\"lazy\" decoding=\"async\" aria-describedby=\"caption-attachment-818\" class=\"size-full wp-image-818\" title=\"Hi\u0161na gora\" src=\"https:\/\/kalisce.com\/blog\/wp-content\/uploads\/2009\/06\/img_27991.jpg\" alt=\"Hi\u0161na gora\" width=\"350\" height=\"194\" srcset=\"https:\/\/kalisce.com\/blog\/wp-content\/uploads\/2009\/06\/img_27991.jpg 350w, https:\/\/kalisce.com\/blog\/wp-content\/uploads\/2009\/06\/img_27991-150x83.jpg 150w, https:\/\/kalisce.com\/blog\/wp-content\/uploads\/2009\/06\/img_27991-300x166.jpg 300w\" sizes=\"(max-width: 350px) 100vw, 350px\" \/><\/a><p id=\"caption-attachment-818\" class=\"wp-caption-text\">Hi\u0161na gora<\/p><\/div>\n<p>Zimska sezona se kon\u010duje tudi za naju, saj v soboto, 13. junija 2009, dom na Kali\u0161\u010du prevzameta &#8220;poletna oskrbnika&#8221;. Ko\u010da bo do jeseni odprta vse dni v tednu.<\/p>\n<p>Minula dva tedna smo imeli slab\u0161e vreme, prej\u0161nji vikend je padal celo sneg. Na terasi smo imeli okrep\u010devalno postajo za gasilce, ki so imeli tekmovanje v triatlonu. Med teka\u010di je bil tudi na\u0161 Toma\u017e Igli\u010d &#8211; <strong><a href=\"https:\/\/kalisce.com\/blog\/foto\/2008\/090606\/index.html\">galerija<\/a>.<\/strong><\/p>\n<p>Preden so na\u0161i \u010dlani pojedli ogromne sendvi\u010de, so nekaj ur aktivno ogledovali progo <a href=\"http:\/\/www.lto-sotocje.si\/maraton\/\"><strong>maratona \u0161tirih ob\u010din<\/strong><\/a>, kjer bo tekma 20. junija.<\/p>\n<p>V nedeljo se je <strong>Miha Jeri\u010d<\/strong> v ko\u010di sre\u010dal z Abrahamom. Kraj\u0161emu kulturno-umetni\u0161kemu programu je sledila veselica s plesom &#8211; <a href=\"http:\/\/www.youtube.com\/watch?v=aIIP5UReb5Y&amp;fmt=18\"><strong>film<\/strong><\/a>.<\/p>\n<p><strong><a href=\"https:\/\/kalisce.com\/blog\/foto\/2008\/090606\/index.html\">G<\/a><\/strong><strong><a href=\"https:\/\/kalisce.com\/blog\/foto\/2008\/090606\/index.html\">alerija<\/a><\/strong><\/p>\n","protected":false},"excerpt":{"rendered":"<p>Zimska sezona se kon\u010duje tudi za naju, saj v soboto, 13. junija 2009, dom na Kali\u0161\u010du prevzameta &#8220;poletna oskrbnika&#8221;. Ko\u010da bo do jeseni odprta vse dni v tednu. Minula dva tedna smo imeli slab\u0161e vreme, prej\u0161nji vikend je padal celo sneg. Na terasi smo imeli okrep\u010devalno postajo za gasilce, ki so imeli tekmovanje v triatlonu. [&hellip;]<\/p>\n","protected":false},"author":2,"featured_media":0,"comment_status":"open","ping_status":"open","sticky":false,"template":"","format":"standard","meta":{"footnotes":""},"categories":[9,13],"tags":[],"_links":{"self":[{"href":"https:\/\/kalisce.com\/blog\/wp-json\/wp\/v2\/posts\/816"}],"collection":[{"href":"https:\/\/kalisce.com\/blog\/wp-json\/wp\/v2\/posts"}],"about":[{"href":"https:\/\/kalisce.com\/blog\/wp-json\/wp\/v2\/types\/post"}],"author":[{"embeddable":true,"href":"https:\/\/kalisce.com\/blog\/wp-json\/wp\/v2\/users\/2"}],"replies":[{"embeddable":true,"href":"https:\/\/kalisce.com\/blog\/wp-json\/wp\/v2\/comments?post=816"}],"version-history":[{"count":4,"href":"https:\/\/kalisce.com\/blog\/wp-json\/wp\/v2\/posts\/816\/revisions"}],"predecessor-version":[{"id":820,"href":"https:\/\/kalisce.com\/blog\/wp-json\/wp\/v2\/posts\/816\/revisions\/820"}],"wp:attachment":[{"href":"https:\/\/kalisce.com\/blog\/wp-json\/wp\/v2\/media?parent=816"}],"wp:term":[{"taxonomy":"category","embeddable":true,"href":"https:\/\/kalisce.com\/blog\/wp-json\/wp\/v2\/categories?post=816"},{"taxonomy":"post_tag","embeddable":true,"href":"https:\/\/kalisce.com\/blog\/wp-json\/wp\/v2\/tags?post=816"}],"curies":[{"name":"wp","href":"https:\/\/api.w.org\/{rel}","templated":true}]}}