{"id":823,"date":"2009-06-15T13:39:25","date_gmt":"2009-06-15T11:39:25","guid":{"rendered":"http:\/\/kalisce.com\/blog\/?p=823"},"modified":"2009-06-15T13:39:25","modified_gmt":"2009-06-15T11:39:25","slug":"poletna-sezona","status":"publish","type":"post","link":"https:\/\/kalisce.com\/blog\/2009\/06\/15\/poletna-sezona\/","title":{"rendered":"Poletna sezona!"},"content":{"rendered":"<div id=\"attachment_824\" style=\"width: 360px\" class=\"wp-caption alignleft\"><a href=\"https:\/\/kalisce.com\/blog\/foto\/2008\/090613\/index.html\"><img loading=\"lazy\" decoding=\"async\" aria-describedby=\"caption-attachment-824\" class=\"size-full wp-image-824\" title=\"Praznik na Kali\u0161\u010du\" src=\"https:\/\/kalisce.com\/blog\/wp-content\/uploads\/2009\/06\/img_2887.jpg\" alt=\"Praznik na Kali\u0161\u010du\" width=\"350\" height=\"283\" srcset=\"https:\/\/kalisce.com\/blog\/wp-content\/uploads\/2009\/06\/img_2887.jpg 350w, https:\/\/kalisce.com\/blog\/wp-content\/uploads\/2009\/06\/img_2887-150x121.jpg 150w, https:\/\/kalisce.com\/blog\/wp-content\/uploads\/2009\/06\/img_2887-300x242.jpg 300w\" sizes=\"(max-width: 350px) 100vw, 350px\" \/><\/a><p id=\"caption-attachment-824\" class=\"wp-caption-text\">Praznik na Kali\u0161\u010du<\/p><\/div>\n<p>V soboto smo imeli na Kali\u0161\u010du zelo pestro dogajanje. Imeli smo kraj\u0161o slovesnost ob 50-letnici odprtja ko\u010de na Kali\u0161\u010du, poleg tega je bil \u0161e botani\u010dni dan na temo problematike gorskih kolesarjev, ki se vozijo po planinskih poteh, povrhu pa je \u0161e zimski re\u017eim obratovanja pre\u0161el v poletnega &#8211; na Kali\u0161\u010du so sedaj poletni oskrbniki, ki imajo ko\u010do odprto neprekinjeno do sredine septembra. V <strong><a href=\"https:\/\/kalisce.com\/blog\/foto\/2008\/090613\/index.html\">galeriji <\/a><\/strong>je tudi Janez, ki je bil v soboto zjutraj na hi\u0161ni gori.<\/p>\n<p>Novo: po devetih mesecih sva bila v soboto zve\u010der doma \ud83d\ude00<\/p>\n<p>Prvo prosto nedeljo smo s KLJUKAMI naredili krog nad Ba\u0161ko grapo in se ponovno vpisali med<strong> prijatelje \u0161tirih ob\u010din<\/strong>. <strong><a href=\"http:\/\/www.lto-sotocje.si\/maraton\/\">Maraton <\/a><\/strong>bo v soboto, 20. junija 2009. Vabljeni na tekmovanje, ali pa navijat!<\/p>\n<p><strong><a href=\"https:\/\/kalisce.com\/blog\/foto\/2008\/090613\/index.html\">Galerija<\/a><\/strong><\/p>\n","protected":false},"excerpt":{"rendered":"<p>V soboto smo imeli na Kali\u0161\u010du zelo pestro dogajanje. Imeli smo kraj\u0161o slovesnost ob 50-letnici odprtja ko\u010de na Kali\u0161\u010du, poleg tega je bil \u0161e botani\u010dni dan na temo problematike gorskih kolesarjev, ki se vozijo po planinskih poteh, povrhu pa je \u0161e zimski re\u017eim obratovanja pre\u0161el v poletnega &#8211; na Kali\u0161\u010du so sedaj poletni oskrbniki, ki [&hellip;]<\/p>\n","protected":false},"author":2,"featured_media":0,"comment_status":"open","ping_status":"open","sticky":false,"template":"","format":"standard","meta":{"footnotes":""},"categories":[9,8],"tags":[],"_links":{"self":[{"href":"https:\/\/kalisce.com\/blog\/wp-json\/wp\/v2\/posts\/823"}],"collection":[{"href":"https:\/\/kalisce.com\/blog\/wp-json\/wp\/v2\/posts"}],"about":[{"href":"https:\/\/kalisce.com\/blog\/wp-json\/wp\/v2\/types\/post"}],"author":[{"embeddable":true,"href":"https:\/\/kalisce.com\/blog\/wp-json\/wp\/v2\/users\/2"}],"replies":[{"embeddable":true,"href":"https:\/\/kalisce.com\/blog\/wp-json\/wp\/v2\/comments?post=823"}],"version-history":[{"count":2,"href":"https:\/\/kalisce.com\/blog\/wp-json\/wp\/v2\/posts\/823\/revisions"}],"predecessor-version":[{"id":826,"href":"https:\/\/kalisce.com\/blog\/wp-json\/wp\/v2\/posts\/823\/revisions\/826"}],"wp:attachment":[{"href":"https:\/\/kalisce.com\/blog\/wp-json\/wp\/v2\/media?parent=823"}],"wp:term":[{"taxonomy":"category","embeddable":true,"href":"https:\/\/kalisce.com\/blog\/wp-json\/wp\/v2\/categories?post=823"},{"taxonomy":"post_tag","embeddable":true,"href":"https:\/\/kalisce.com\/blog\/wp-json\/wp\/v2\/tags?post=823"}],"curies":[{"name":"wp","href":"https:\/\/api.w.org\/{rel}","templated":true}]}}