{"id":832,"date":"2009-07-27T14:18:22","date_gmt":"2009-07-27T12:18:22","guid":{"rendered":"http:\/\/kalisce.com\/blog\/?p=832"},"modified":"2009-08-04T16:28:49","modified_gmt":"2009-08-04T14:28:49","slug":"poletne-aktivnosti","status":"publish","type":"post","link":"https:\/\/kalisce.com\/blog\/2009\/07\/27\/poletne-aktivnosti\/","title":{"rendered":"Poletne aktivnosti"},"content":{"rendered":"<div id=\"attachment_833\" style=\"width: 360px\" class=\"wp-caption alignleft\"><a href=\"https:\/\/kalisce.com\/blog\/foto\/2009\/olymp09\/index.html\"><img loading=\"lazy\" decoding=\"async\" aria-describedby=\"caption-attachment-833\" class=\"size-full wp-image-833  \" title=\"Na cilju pod Olimpom\" src=\"https:\/\/kalisce.com\/blog\/wp-content\/uploads\/2009\/07\/om_09_finish_1225.jpg\" alt=\"Na cilju pod Olympom\" width=\"350\" height=\"363\" srcset=\"https:\/\/kalisce.com\/blog\/wp-content\/uploads\/2009\/07\/om_09_finish_1225.jpg 350w, https:\/\/kalisce.com\/blog\/wp-content\/uploads\/2009\/07\/om_09_finish_1225-144x150.jpg 144w, https:\/\/kalisce.com\/blog\/wp-content\/uploads\/2009\/07\/om_09_finish_1225-289x300.jpg 289w\" sizes=\"(max-width: 350px) 100vw, 350px\" \/><\/a><p id=\"caption-attachment-833\" class=\"wp-caption-text\">Na cilju pod Olimpom<\/p><\/div>\n<p>Ko se zimska sezona na Kali\u0161\u010du kon\u010da, za\u010dnemo hoditi kam drugam! Lani smo se udele\u017eili <strong>maratona \u010dez Olimp<\/strong> v Gr\u010diji, letos pa so nas tja kar povabili &#8211; Toniju, Iztoku in meni \u00a0so se letos pridru\u017eili \u0161e Teja, Marko in Janko. Gorski maraton (44 km , +3170m, -2900m) smo uspe\u0161no oddelali:<br \/>\nToni Vencelj 5:08<br \/>\nIztok Boltez 6:28<br \/>\nMarjan Rekar 7:49<br \/>\nTeja Arne\u017e 8:15<br \/>\nMarko Arne\u017e 8:15<br \/>\nJanko Uhan 8:32<\/p>\n<p>Grki so nam \u0161ele po enem mesecu poslali fotografije s proge (meni so dodali \u0161e lanske \ud83d\ude00 )<\/p>\n<p><strong><a href=\"https:\/\/kalisce.com\/blog\/foto\/2009\/olymp09\/index.html\">Galerija I<\/a> &#8211; <\/strong>organizatorji<\/p>\n<p><strong><strong><a href=\"https:\/\/kalisce.com\/blog\/foto\/2009\/olymp09m\/index.html\">Galerija\u00a0II<\/a><\/strong> &#8211; <\/strong>foto jest<\/p>\n<p><strong><a href=\"http:\/\/www.runtheplanet.fr\/Expeditions\/Pages\/Olympus_Marathon.html\">Foto<\/a> &#8211; <\/strong>Francoz med tekmo<\/p>\n<p><a href=\"http:\/\/www.olympus-marathon.com\/index.php?newlang=english\"><strong>Olympus maratho<\/strong><\/a><a href=\"http:\/\/www.olympus-marathon.com\/index.php?newlang=english\"><strong>n<\/strong><\/a> &#8211; doma\u010da stran<\/p>\n<p><strong><\/strong>Morda pa spet naslednje leto!?<\/p>\n<p>Poleg klasi\u010dnih dopustov se dogaja \u0161e marsikaj:<\/p>\n<p><strong><a href=\"http:\/\/trans-slo.si\/\">Trans Slovenija <\/a> &#8211; <\/strong>potekajo zadnje priprave na zahtevno teka\u0161ko tekmo preko Slovenije.<\/p>\n<p><strong><a href=\"http:\/\/www.treking.si\/sl\/2009-okoli-storzica\/info.html\">Treking okoli Stor\u017ei\u010da<\/a> &#8211; <\/strong>zelo zanimiva zadeva, ki se dogaja na na\u0161em doma\u010dem terenu, zato nikar ne odla\u0161ajte s prijavo. Zadnjo soboto v avgustu se lahko odlo\u010dite za eno izmed treh tekem: 10, 20 ali 40 km. Vabljeni!<\/p>\n","protected":false},"excerpt":{"rendered":"<p>Ko se zimska sezona na Kali\u0161\u010du kon\u010da, za\u010dnemo hoditi kam drugam! Lani smo se udele\u017eili maratona \u010dez Olimp v Gr\u010diji, letos pa so nas tja kar povabili &#8211; Toniju, Iztoku in meni \u00a0so se letos pridru\u017eili \u0161e Teja, Marko in Janko. Gorski maraton (44 km , +3170m, -2900m) smo uspe\u0161no oddelali: Toni Vencelj 5:08 Iztok [&hellip;]<\/p>\n","protected":false},"author":2,"featured_media":0,"comment_status":"open","ping_status":"open","sticky":false,"template":"","format":"standard","meta":{"footnotes":""},"categories":[9,11,5],"tags":[],"_links":{"self":[{"href":"https:\/\/kalisce.com\/blog\/wp-json\/wp\/v2\/posts\/832"}],"collection":[{"href":"https:\/\/kalisce.com\/blog\/wp-json\/wp\/v2\/posts"}],"about":[{"href":"https:\/\/kalisce.com\/blog\/wp-json\/wp\/v2\/types\/post"}],"author":[{"embeddable":true,"href":"https:\/\/kalisce.com\/blog\/wp-json\/wp\/v2\/users\/2"}],"replies":[{"embeddable":true,"href":"https:\/\/kalisce.com\/blog\/wp-json\/wp\/v2\/comments?post=832"}],"version-history":[{"count":11,"href":"https:\/\/kalisce.com\/blog\/wp-json\/wp\/v2\/posts\/832\/revisions"}],"predecessor-version":[{"id":836,"href":"https:\/\/kalisce.com\/blog\/wp-json\/wp\/v2\/posts\/832\/revisions\/836"}],"wp:attachment":[{"href":"https:\/\/kalisce.com\/blog\/wp-json\/wp\/v2\/media?parent=832"}],"wp:term":[{"taxonomy":"category","embeddable":true,"href":"https:\/\/kalisce.com\/blog\/wp-json\/wp\/v2\/categories?post=832"},{"taxonomy":"post_tag","embeddable":true,"href":"https:\/\/kalisce.com\/blog\/wp-json\/wp\/v2\/tags?post=832"}],"curies":[{"name":"wp","href":"https:\/\/api.w.org\/{rel}","templated":true}]}}