{"id":854,"date":"2009-09-21T16:27:04","date_gmt":"2009-09-21T14:27:04","guid":{"rendered":"http:\/\/kalisce.com\/blog\/?p=854"},"modified":"2009-09-21T17:04:15","modified_gmt":"2009-09-21T15:04:15","slug":"zimska-sezona-20092010","status":"publish","type":"post","link":"https:\/\/kalisce.com\/blog\/2009\/09\/21\/zimska-sezona-20092010\/","title":{"rendered":"Zimska sezona 2009\/2010"},"content":{"rendered":"<div id=\"attachment_855\" style=\"width: 360px\" class=\"wp-caption alignleft\"><a href=\"https:\/\/kalisce.com\/blog\/foto\/2009\/090920\/index.html\"><img loading=\"lazy\" decoding=\"async\" aria-describedby=\"caption-attachment-855\" class=\"size-full wp-image-855 \" title=\"Zdravko Bari\u010d na Kali\u0161\u010du\" src=\"https:\/\/kalisce.com\/blog\/wp-content\/uploads\/2009\/09\/img_4924.jpg\" alt=\"Zdravko Bari\u010d na Kali\u0161\u010du\" width=\"350\" height=\"239\" srcset=\"https:\/\/kalisce.com\/blog\/wp-content\/uploads\/2009\/09\/img_4924.jpg 350w, https:\/\/kalisce.com\/blog\/wp-content\/uploads\/2009\/09\/img_4924-150x102.jpg 150w, https:\/\/kalisce.com\/blog\/wp-content\/uploads\/2009\/09\/img_4924-300x204.jpg 300w\" sizes=\"(max-width: 350px) 100vw, 350px\" \/><\/a><p id=\"caption-attachment-855\" class=\"wp-caption-text\">Zdravko Bari\u010d na Kali\u0161\u010du<\/p><\/div>\n<p>Poletna sezona v hribih se je kon\u010dala in spet smo se vrnili na Kali\u0161\u010de.<\/p>\n<p><strong>Ko\u010da bo preko zime odprta vse sobote, nedelje in praznike (upajmo) od 7-ih zjutraj pa dokler ne zapremo.<\/strong><\/p>\n<p>Minuli vikend bi lahko poimenovali &#8220;vi\u0161inske priprave na&#8230;&#8221;. Poleg standardnih prilagoditev ko\u010de na KLJUKE, smo imeli tudi nekaj posebnih dogodkov. V soboto sta nas obiskala\u00a0<strong>Darko Pavc<\/strong> in <strong>Zdravko Bari\u010d<\/strong>, dva teka\u010da, ki sta pretekla Slovenijo od Hodo\u0161a do Pirana ( 400 km v petih dneh) &#8211;<strong><a href=\"http:\/\/trans-slo.si\/\">Trans Slovenija<\/a> . <\/strong>Zmagovalec teka\u00a0<strong>Zdravko Bari\u010d <\/strong>je dobil iz rok organizatorja <strong>Iztoka Bolteza<\/strong> v spomin dragocen zlatnik. Ob tej prilo\u017enosti smo organizirali na Kali\u0161\u010du kraj\u0161i kulturno-umetni\u0161ki program z zakusko.<\/p>\n<p><strong>Vinko Kerkez<\/strong> si je med hitrim vzponom na Kali\u0161\u010de vzel \u0161e toliko \u010dasa, da nam je nabral nekaj lepih jur\u010dkov! \ud83d\ude42<\/p>\n<p>Hi\u0161ni mizar <strong>Drago Mubi<\/strong> je opravil nekaj zahtevnej\u0161ih vzdr\u017eevalnih del (dva prisotna sta mu s te\u017eavo snela te\u017eak nahrbtnik z orodjem) \ud83d\ude00 \u2757<\/p>\n<p>Pa \u0161e vreme: v petek naju je vso pot pral de\u017e (ZELO), kasneje pa smo imeli poleg megle tudi nekaj sonca.<\/p>\n<p><strong>KLJUKA<\/strong> &#8211; <strong>KL<\/strong>ub <strong>LJU<\/strong>biteljev<strong> KA<\/strong>li\u0161\u010da &#8211; za\u010detek vpisovanja bo v <strong>soboto, 3. oktobra 2009! <a href=\"https:\/\/kalisce.com\/blog\/kljuka\/\">Ve\u010d o tem<\/a>.<\/strong><\/p>\n<p><strong><a href=\"https:\/\/kalisce.com\/blog\/foto\/2009\/090920\/index.html\">Galerija<\/a><\/strong><\/p>\n","protected":false},"excerpt":{"rendered":"<p>Poletna sezona v hribih se je kon\u010dala in spet smo se vrnili na Kali\u0161\u010de. Ko\u010da bo preko zime odprta vse sobote, nedelje in praznike (upajmo) od 7-ih zjutraj pa dokler ne zapremo. Minuli vikend bi lahko poimenovali &#8220;vi\u0161inske priprave na&#8230;&#8221;. Poleg standardnih prilagoditev ko\u010de na KLJUKE, smo imeli tudi nekaj posebnih dogodkov. V soboto sta [&hellip;]<\/p>\n","protected":false},"author":2,"featured_media":0,"comment_status":"open","ping_status":"open","sticky":false,"template":"","format":"standard","meta":{"footnotes":""},"categories":[9,13,5],"tags":[],"_links":{"self":[{"href":"https:\/\/kalisce.com\/blog\/wp-json\/wp\/v2\/posts\/854"}],"collection":[{"href":"https:\/\/kalisce.com\/blog\/wp-json\/wp\/v2\/posts"}],"about":[{"href":"https:\/\/kalisce.com\/blog\/wp-json\/wp\/v2\/types\/post"}],"author":[{"embeddable":true,"href":"https:\/\/kalisce.com\/blog\/wp-json\/wp\/v2\/users\/2"}],"replies":[{"embeddable":true,"href":"https:\/\/kalisce.com\/blog\/wp-json\/wp\/v2\/comments?post=854"}],"version-history":[{"count":7,"href":"https:\/\/kalisce.com\/blog\/wp-json\/wp\/v2\/posts\/854\/revisions"}],"predecessor-version":[{"id":859,"href":"https:\/\/kalisce.com\/blog\/wp-json\/wp\/v2\/posts\/854\/revisions\/859"}],"wp:attachment":[{"href":"https:\/\/kalisce.com\/blog\/wp-json\/wp\/v2\/media?parent=854"}],"wp:term":[{"taxonomy":"category","embeddable":true,"href":"https:\/\/kalisce.com\/blog\/wp-json\/wp\/v2\/categories?post=854"},{"taxonomy":"post_tag","embeddable":true,"href":"https:\/\/kalisce.com\/blog\/wp-json\/wp\/v2\/tags?post=854"}],"curies":[{"name":"wp","href":"https:\/\/api.w.org\/{rel}","templated":true}]}}