{"id":864,"date":"2009-09-28T16:32:04","date_gmt":"2009-09-28T14:32:04","guid":{"rendered":"http:\/\/kalisce.com\/blog\/?p=864"},"modified":"2009-09-28T16:32:04","modified_gmt":"2009-09-28T14:32:04","slug":"zadnji-vikend-pred-kljukami","status":"publish","type":"post","link":"https:\/\/kalisce.com\/blog\/2009\/09\/28\/zadnji-vikend-pred-kljukami\/","title":{"rendered":"Zadnji vikend pred KLJUKAMI"},"content":{"rendered":"<div id=\"attachment_865\" style=\"width: 360px\" class=\"wp-caption alignleft\"><a href=\"https:\/\/kalisce.com\/blog\/foto\/2009\/090927\/index.html\"><img loading=\"lazy\" decoding=\"async\" aria-describedby=\"caption-attachment-865\" class=\"size-full wp-image-865\" title=\"Sve\u017ei gozdni sade\u017ei\" src=\"https:\/\/kalisce.com\/blog\/wp-content\/uploads\/2009\/09\/img_4989.jpg\" alt=\"Sve\u017ei gozdni sade\u017ei\" width=\"350\" height=\"292\" srcset=\"https:\/\/kalisce.com\/blog\/wp-content\/uploads\/2009\/09\/img_4989.jpg 350w, https:\/\/kalisce.com\/blog\/wp-content\/uploads\/2009\/09\/img_4989-150x125.jpg 150w, https:\/\/kalisce.com\/blog\/wp-content\/uploads\/2009\/09\/img_4989-300x250.jpg 300w\" sizes=\"(max-width: 350px) 100vw, 350px\" \/><\/a><p id=\"caption-attachment-865\" class=\"wp-caption-text\">Sve\u017ei gozdni sade\u017ei<\/p><\/div>\n<p>Drugi jesenski vikend na Kali\u0161\u010du je bil hkrati tudi zadnji pred za\u010detkom sezone 2009\/2010 za KLJUKE.<\/p>\n<p>V soboto, 3. oktobra se za\u010dne vpisovanje! <strong><a href=\"https:\/\/kalisce.com\/blog\/kljuka\/\">Ve\u010d o tem<\/a><\/strong>.<\/p>\n<p>Minule dni je bilo v dolini vreme lep\u0161e kot v hribih. Jasno nebo smo imeli samo zjutraj in zve\u010der, vmes pa so se okoli vrhov podile megle. De\u017eja pa tokrat nismo imeli \ud83d\ude42 .<\/p>\n<p><strong><a href=\"https:\/\/kalisce.com\/blog\/foto\/2009\/090927\/index.html\">Na fotografijah<\/a><\/strong> lahko vidite gobe, ki so bile nabrane tik ob poti &#8211; koliko bi jih \u0161e lahko na\u0161li, \u010de bi \u0161li malo naokrog \u2757 .<\/p>\n<p><strong><a href=\"https:\/\/kalisce.com\/blog\/foto\/2009\/090927\/index.html\">Galerija<\/a><\/strong><\/p>\n<p><strong>KLJUKE! V soboto akcija!<\/strong><\/p>\n<p>Po dogovoru na sestanku <strong>UPRAVNEGA ODBORA<\/strong> letos nismo po\u0161iljali obvestil o za\u010detku sezone po po\u0161ti, saj je vendar recesija! Pravil o vpisovanju pa nismo spreminjali, zato \u017ee itak vse veste! Vabljeni!<\/p>\n","protected":false},"excerpt":{"rendered":"<p>Drugi jesenski vikend na Kali\u0161\u010du je bil hkrati tudi zadnji pred za\u010detkom sezone 2009\/2010 za KLJUKE. V soboto, 3. oktobra se za\u010dne vpisovanje! Ve\u010d o tem. Minule dni je bilo v dolini vreme lep\u0161e kot v hribih. Jasno nebo smo imeli samo zjutraj in zve\u010der, vmes pa so se okoli vrhov podile megle. De\u017eja pa [&hellip;]<\/p>\n","protected":false},"author":2,"featured_media":0,"comment_status":"open","ping_status":"open","sticky":false,"template":"","format":"standard","meta":{"footnotes":""},"categories":[9,13,5],"tags":[],"_links":{"self":[{"href":"https:\/\/kalisce.com\/blog\/wp-json\/wp\/v2\/posts\/864"}],"collection":[{"href":"https:\/\/kalisce.com\/blog\/wp-json\/wp\/v2\/posts"}],"about":[{"href":"https:\/\/kalisce.com\/blog\/wp-json\/wp\/v2\/types\/post"}],"author":[{"embeddable":true,"href":"https:\/\/kalisce.com\/blog\/wp-json\/wp\/v2\/users\/2"}],"replies":[{"embeddable":true,"href":"https:\/\/kalisce.com\/blog\/wp-json\/wp\/v2\/comments?post=864"}],"version-history":[{"count":10,"href":"https:\/\/kalisce.com\/blog\/wp-json\/wp\/v2\/posts\/864\/revisions"}],"predecessor-version":[{"id":875,"href":"https:\/\/kalisce.com\/blog\/wp-json\/wp\/v2\/posts\/864\/revisions\/875"}],"wp:attachment":[{"href":"https:\/\/kalisce.com\/blog\/wp-json\/wp\/v2\/media?parent=864"}],"wp:term":[{"taxonomy":"category","embeddable":true,"href":"https:\/\/kalisce.com\/blog\/wp-json\/wp\/v2\/categories?post=864"},{"taxonomy":"post_tag","embeddable":true,"href":"https:\/\/kalisce.com\/blog\/wp-json\/wp\/v2\/tags?post=864"}],"curies":[{"name":"wp","href":"https:\/\/api.w.org\/{rel}","templated":true}]}}