{"id":882,"date":"2009-10-05T13:37:36","date_gmt":"2009-10-05T11:37:36","guid":{"rendered":"http:\/\/kalisce.com\/blog\/?p=882"},"modified":"2009-10-05T17:28:32","modified_gmt":"2009-10-05T15:28:32","slug":"kljuka-zacetek-sezone-20092010","status":"publish","type":"post","link":"https:\/\/kalisce.com\/blog\/2009\/10\/05\/kljuka-zacetek-sezone-20092010\/","title":{"rendered":"KLJUKA &#8211; za\u010detek sezone 2009\/2010"},"content":{"rendered":"<div id=\"attachment_883\" style=\"width: 359px\" class=\"wp-caption alignleft\"><a href=\"https:\/\/kalisce.com\/blog\/foto\/2009\/091004\/index.html\"><img loading=\"lazy\" decoding=\"async\" aria-describedby=\"caption-attachment-883\" class=\"size-full wp-image-883\" title=\"Skulptura na vrhu Stor\u017ei\u010da\" src=\"https:\/\/kalisce.com\/blog\/wp-content\/uploads\/2009\/10\/dsc01835.jpg\" alt=\"Skulptura na vrhu Stor\u017ei\u010da\" width=\"349\" height=\"262\" srcset=\"https:\/\/kalisce.com\/blog\/wp-content\/uploads\/2009\/10\/dsc01835.jpg 349w, https:\/\/kalisce.com\/blog\/wp-content\/uploads\/2009\/10\/dsc01835-150x112.jpg 150w, https:\/\/kalisce.com\/blog\/wp-content\/uploads\/2009\/10\/dsc01835-300x225.jpg 300w\" sizes=\"(max-width: 349px) 100vw, 349px\" \/><\/a><p id=\"caption-attachment-883\" class=\"wp-caption-text\">Skulptura na vrhu Stor\u017ei\u010da<\/p><\/div>\n<p>V soboto se je za\u010delo vpisovanje v novo knjigo za <strong>KLJUKE<\/strong>. \u00a0Za\u010delo se je v de\u017eevnem vremenu in samo upamo lahko, da bo nadaljevanje zimske sezone prijaznej\u0161e za pohodnike.<\/p>\n<p><strong>Janezu <\/strong>se zahvaljujem za <strong><a href=\"https:\/\/kalisce.com\/blog\/foto\/2009\/091004\/index.html\">fotografije<\/a><\/strong> z vrha Stor\u017ei\u010da, kjer je bil tako v de\u017eevni soboti, kot tudi v nedeljo, ko so bile razmere idealne, naravnost ki\u010daste!<\/p>\n<p><strong>Peter <\/strong>nam je prinesel prvi kostanj, ki je bil tako dober, da ga je prej zmanjkalo, preden bi ga lahko fotografiral \ud83d\ude00<\/p>\n<p>V nedeljo bi Kali\u0161\u010de lahko preimenovali v <strong>PLA\u017dO <\/strong>\ud83d\ude00 .<\/p>\n<p><strong><a href=\"https:\/\/kalisce.com\/blog\/foto\/2009\/091004\/index.html\">Galerija<\/a> <\/strong>je\u00a0tokrat obse\u017enej\u0161a, saj tako lepega son\u010dnega vzhoda in polne lune ne vidimo vsak dan (v dolini pa sploh nikoli).<\/p>\n<p><strong>Ko\u010do na Kali\u0161\u010du<\/strong> smo kot prvo planinsko ko\u010do vklju\u010dili v spletni iskalnik po\u00a0<em><strong>odpiralnih \u010dasih<\/strong><\/em>, kino sporedih in medijskih vsebinah <strong><a href=\"http:\/\/odpiralnicasi.com\/\">ODPIRALNI \u010cASI<\/a><\/strong> &#8211; priporo\u010dam uporabo!<\/p>\n<p><strong><a href=\"https:\/\/kalisce.com\/blog\/vpisi\/2009\/041009.pdf\">KLJUKA &#8211; vpisi do 4. oktobra 2009<\/a><\/strong><\/p>\n","protected":false},"excerpt":{"rendered":"<p>V soboto se je za\u010delo vpisovanje v novo knjigo za KLJUKE. \u00a0Za\u010delo se je v de\u017eevnem vremenu in samo upamo lahko, da bo nadaljevanje zimske sezone prijaznej\u0161e za pohodnike. Janezu se zahvaljujem za fotografije z vrha Stor\u017ei\u010da, kjer je bil tako v de\u017eevni soboti, kot tudi v nedeljo, ko so bile razmere idealne, naravnost ki\u010daste! [&hellip;]<\/p>\n","protected":false},"author":2,"featured_media":0,"comment_status":"open","ping_status":"open","sticky":false,"template":"","format":"standard","meta":{"footnotes":""},"categories":[9,8],"tags":[],"_links":{"self":[{"href":"https:\/\/kalisce.com\/blog\/wp-json\/wp\/v2\/posts\/882"}],"collection":[{"href":"https:\/\/kalisce.com\/blog\/wp-json\/wp\/v2\/posts"}],"about":[{"href":"https:\/\/kalisce.com\/blog\/wp-json\/wp\/v2\/types\/post"}],"author":[{"embeddable":true,"href":"https:\/\/kalisce.com\/blog\/wp-json\/wp\/v2\/users\/2"}],"replies":[{"embeddable":true,"href":"https:\/\/kalisce.com\/blog\/wp-json\/wp\/v2\/comments?post=882"}],"version-history":[{"count":9,"href":"https:\/\/kalisce.com\/blog\/wp-json\/wp\/v2\/posts\/882\/revisions"}],"predecessor-version":[{"id":888,"href":"https:\/\/kalisce.com\/blog\/wp-json\/wp\/v2\/posts\/882\/revisions\/888"}],"wp:attachment":[{"href":"https:\/\/kalisce.com\/blog\/wp-json\/wp\/v2\/media?parent=882"}],"wp:term":[{"taxonomy":"category","embeddable":true,"href":"https:\/\/kalisce.com\/blog\/wp-json\/wp\/v2\/categories?post=882"},{"taxonomy":"post_tag","embeddable":true,"href":"https:\/\/kalisce.com\/blog\/wp-json\/wp\/v2\/tags?post=882"}],"curies":[{"name":"wp","href":"https:\/\/api.w.org\/{rel}","templated":true}]}}