{"id":903,"date":"2009-10-12T12:32:42","date_gmt":"2009-10-12T10:32:42","guid":{"rendered":"http:\/\/kalisce.com\/blog\/?p=903"},"modified":"2009-10-12T15:40:40","modified_gmt":"2009-10-12T13:40:40","slug":"prvi-tradicionalni-tek-povlje-storzic","status":"publish","type":"post","link":"https:\/\/kalisce.com\/blog\/2009\/10\/12\/prvi-tradicionalni-tek-povlje-storzic\/","title":{"rendered":"Prvi tradicionalni tek Povlje &#8211; Stor\u017ei\u010d"},"content":{"rendered":"<div id=\"attachment_904\" style=\"width: 360px\" class=\"wp-caption alignleft\"><a href=\"https:\/\/kalisce.com\/blog\/foto\/2009\/091011\/index.html\"><img loading=\"lazy\" decoding=\"async\" aria-describedby=\"caption-attachment-904\" class=\"size-full wp-image-904 \" title=\"Prvi jesenski sneg na Triglavu\" src=\"https:\/\/kalisce.com\/blog\/wp-content\/uploads\/2009\/10\/img_5174ajpg.jpg\" alt=\"Prvi jesenski sneg na Triglavu\" width=\"350\" height=\"231\" srcset=\"https:\/\/kalisce.com\/blog\/wp-content\/uploads\/2009\/10\/img_5174ajpg.jpg 350w, https:\/\/kalisce.com\/blog\/wp-content\/uploads\/2009\/10\/img_5174ajpg-150x99.jpg 150w, https:\/\/kalisce.com\/blog\/wp-content\/uploads\/2009\/10\/img_5174ajpg-300x198.jpg 300w\" sizes=\"(max-width: 350px) 100vw, 350px\" \/><\/a><p id=\"caption-attachment-904\" class=\"wp-caption-text\">Prvi jesenski sneg na Triglavu<\/p><\/div>\n<p>V soboto je Triglav pobelil <strong>prvi sneg<\/strong> in napovedal ohladitev, ki prihaja v tem tednu. Naslednji vikend nas bo tudi na Kali\u0161\u010du pri\u010dakala ZIMA!<\/p>\n<p>Sobota je bila de\u017eevna in meglena, vendar se nas je vreme usmililo in omogo\u010dilo v nedeljo prvo tekmovanje v teku \u0161tafet na Stor\u017ei\u010d, s startom v Povljah. Steza se v dol\u017eini 3,7 km dvigne kar za 1390 m. Tekmovalo je 12 parov, ki so jih dolo\u010dili z \u017erebom. Prvega tekmovalca je na Javorniku pri\u010dakal drugi, ki je imel cilj na vrhu Stor\u017ei\u010da. Zmagala je \u0161tafeta <strong>Andrej Lu\u0161ina in Nejc Kuhar. <a href=\"https:\/\/kalisce.com\/blog\/foto\/2009\/rezstor.pdf\">Rezultati &#8211; pdf<\/a><\/strong><\/p>\n<p>V ko\u010di smo praznovali <strong>Mladenovo 50 letnico<\/strong>, <strong>Mihovo 60 letnico, <\/strong>kuhali smo kostanj, prevetrili harmoniko, testirali novo po\u0161iljko cvi\u010dka, &#8230;. \ud83d\ude00<\/p>\n<p>Naslednji vikend ne pozabite na kape in rokavice!<\/p>\n<p><strong><a href=\"https:\/\/kalisce.com\/blog\/foto\/2009\/091011\/index.html\">Galerija<\/a><\/strong><\/p>\n<p><strong><a href=\"https:\/\/kalisce.com\/blog\/vpisi\/2009\/111009.pdf\">KLJUKA &#8211; vpisi do 11. oktobra 2009<\/a><\/strong><\/p>\n","protected":false},"excerpt":{"rendered":"<p>V soboto je Triglav pobelil prvi sneg in napovedal ohladitev, ki prihaja v tem tednu. Naslednji vikend nas bo tudi na Kali\u0161\u010du pri\u010dakala ZIMA! Sobota je bila de\u017eevna in meglena, vendar se nas je vreme usmililo in omogo\u010dilo v nedeljo prvo tekmovanje v teku \u0161tafet na Stor\u017ei\u010d, s startom v Povljah. Steza se v dol\u017eini [&hellip;]<\/p>\n","protected":false},"author":2,"featured_media":0,"comment_status":"open","ping_status":"open","sticky":false,"template":"","format":"standard","meta":{"footnotes":""},"categories":[9,8,5],"tags":[],"_links":{"self":[{"href":"https:\/\/kalisce.com\/blog\/wp-json\/wp\/v2\/posts\/903"}],"collection":[{"href":"https:\/\/kalisce.com\/blog\/wp-json\/wp\/v2\/posts"}],"about":[{"href":"https:\/\/kalisce.com\/blog\/wp-json\/wp\/v2\/types\/post"}],"author":[{"embeddable":true,"href":"https:\/\/kalisce.com\/blog\/wp-json\/wp\/v2\/users\/2"}],"replies":[{"embeddable":true,"href":"https:\/\/kalisce.com\/blog\/wp-json\/wp\/v2\/comments?post=903"}],"version-history":[{"count":7,"href":"https:\/\/kalisce.com\/blog\/wp-json\/wp\/v2\/posts\/903\/revisions"}],"predecessor-version":[{"id":909,"href":"https:\/\/kalisce.com\/blog\/wp-json\/wp\/v2\/posts\/903\/revisions\/909"}],"wp:attachment":[{"href":"https:\/\/kalisce.com\/blog\/wp-json\/wp\/v2\/media?parent=903"}],"wp:term":[{"taxonomy":"category","embeddable":true,"href":"https:\/\/kalisce.com\/blog\/wp-json\/wp\/v2\/categories?post=903"},{"taxonomy":"post_tag","embeddable":true,"href":"https:\/\/kalisce.com\/blog\/wp-json\/wp\/v2\/tags?post=903"}],"curies":[{"name":"wp","href":"https:\/\/api.w.org\/{rel}","templated":true}]}}