{"id":923,"date":"2009-10-26T13:43:21","date_gmt":"2009-10-26T11:43:21","guid":{"rendered":"http:\/\/kalisce.com\/blog\/?p=923"},"modified":"2009-10-29T16:05:38","modified_gmt":"2009-10-29T14:05:38","slug":"veter-in-sonce","status":"publish","type":"post","link":"https:\/\/kalisce.com\/blog\/2009\/10\/26\/veter-in-sonce\/","title":{"rendered":"Veter in sonce"},"content":{"rendered":"<div id=\"attachment_924\" style=\"width: 360px\" class=\"wp-caption alignleft\"><a href=\"https:\/\/kalisce.com\/blog\/foto\/2009\/091025\/index.html\"><img loading=\"lazy\" decoding=\"async\" aria-describedby=\"caption-attachment-924\" class=\"size-full wp-image-924\" title=\"Sonce za Krvavcem\" src=\"https:\/\/kalisce.com\/blog\/wp-content\/uploads\/2009\/10\/img_5320.jpg\" alt=\"Sonce za Krvavcem\" width=\"350\" height=\"262\" srcset=\"https:\/\/kalisce.com\/blog\/wp-content\/uploads\/2009\/10\/img_5320.jpg 350w, https:\/\/kalisce.com\/blog\/wp-content\/uploads\/2009\/10\/img_5320-150x112.jpg 150w, https:\/\/kalisce.com\/blog\/wp-content\/uploads\/2009\/10\/img_5320-300x224.jpg 300w\" sizes=\"(max-width: 350px) 100vw, 350px\" \/><\/a><p id=\"caption-attachment-924\" class=\"wp-caption-text\">Sonce za Krvavcem<\/p><\/div>\n<p>Globalno segrevanje vpliva tudi na vreme na Kali\u0161\u010du \ud83d\ude42 .<\/p>\n<p>V no\u010di na soboto je bila ko\u010da na vetrovnem preizkusu. \u010ce nam tokrat bajte ni odneslo, je tudi v prihodnje ne bo! Veter se je v soboto po\u010dasi umirjal in v no\u010di na nedeljo odpihnil \u0161e zadnje oblake. V nedeljo bi lahko brez slabe vesti pobirali vstopnino za pla\u017eo, saj je za popolno ponudbo manjkal samo \u0161e bazen z vodo.<\/p>\n<p>Vremenu primerno so se v soboto podali v gore le tisti s trdnim korakom, v nedeljo pa se je kljub maratonu v Ljubljani pohodnikov po vseh okoli\u0161kih vrhovih kar trlo. V &#8220;posebno knjigo&#8221; se je vpisalo preko 200 KLJUK \u2757<\/p>\n<p>Dostopno pot iz <strong>Ba\u0161lja<\/strong> so redni obiskovalci Kali\u0161\u010da zaradi ve\u010dje varnosti (predvsem pri sestopu) zavarovali z &#8220;zajlo&#8221; \u2757 Hvala v imenu vseh, ki bodo tam hodili!<\/p>\n<p><strong><a href=\"https:\/\/kalisce.com\/blog\/foto\/2009\/091025\/index.html\">Galerija<\/a><\/strong><\/p>\n<p><strong><a href=\"https:\/\/kalisce.com\/blog\/vpisi\/2009\/251009.pdf\">KLJUKA &#8211; vpisi do 25. oktobra 2009<\/a><\/strong><\/p>\n<p><strong><a href=\"http:\/\/picasaweb.google.si\/kalisce\/Vrtaca281009#\">Izlet na Vrta\u010do<\/a><\/strong><\/p>\n","protected":false},"excerpt":{"rendered":"<p>Globalno segrevanje vpliva tudi na vreme na Kali\u0161\u010du \ud83d\ude42 . V no\u010di na soboto je bila ko\u010da na vetrovnem preizkusu. \u010ce nam tokrat bajte ni odneslo, je tudi v prihodnje ne bo! Veter se je v soboto po\u010dasi umirjal in v no\u010di na nedeljo odpihnil \u0161e zadnje oblake. V nedeljo bi lahko brez slabe vesti [&hellip;]<\/p>\n","protected":false},"author":2,"featured_media":0,"comment_status":"open","ping_status":"open","sticky":false,"template":"","format":"standard","meta":{"footnotes":""},"categories":[9,8],"tags":[],"_links":{"self":[{"href":"https:\/\/kalisce.com\/blog\/wp-json\/wp\/v2\/posts\/923"}],"collection":[{"href":"https:\/\/kalisce.com\/blog\/wp-json\/wp\/v2\/posts"}],"about":[{"href":"https:\/\/kalisce.com\/blog\/wp-json\/wp\/v2\/types\/post"}],"author":[{"embeddable":true,"href":"https:\/\/kalisce.com\/blog\/wp-json\/wp\/v2\/users\/2"}],"replies":[{"embeddable":true,"href":"https:\/\/kalisce.com\/blog\/wp-json\/wp\/v2\/comments?post=923"}],"version-history":[{"count":8,"href":"https:\/\/kalisce.com\/blog\/wp-json\/wp\/v2\/posts\/923\/revisions"}],"predecessor-version":[{"id":929,"href":"https:\/\/kalisce.com\/blog\/wp-json\/wp\/v2\/posts\/923\/revisions\/929"}],"wp:attachment":[{"href":"https:\/\/kalisce.com\/blog\/wp-json\/wp\/v2\/media?parent=923"}],"wp:term":[{"taxonomy":"category","embeddable":true,"href":"https:\/\/kalisce.com\/blog\/wp-json\/wp\/v2\/categories?post=923"},{"taxonomy":"post_tag","embeddable":true,"href":"https:\/\/kalisce.com\/blog\/wp-json\/wp\/v2\/tags?post=923"}],"curies":[{"name":"wp","href":"https:\/\/api.w.org\/{rel}","templated":true}]}}